{"id":1215,"date":"2012-08-01T16:00:03","date_gmt":"2012-08-01T14:00:03","guid":{"rendered":"http:\/\/blog.solaner.eu\/?p=1215"},"modified":"2012-08-24T09:50:52","modified_gmt":"2012-08-24T07:50:52","slug":"android-vs-ios-ein-erfahrungsbericht","status":"publish","type":"post","link":"https:\/\/www.krajnik.de\/blog\/2012\/08\/01\/android-vs-ios-ein-erfahrungsbericht\/","title":{"rendered":"Android vs. iOS &#8211; Ein Erfahrungsbericht"},"content":{"rendered":"<p>Oder auch Medion Lifetab P9516 (MD 99100) vs. iPad 3.<br \/>\nIst das fair? Ich denke ja. Das iPad ist das aktuelle Ger\u00e4t und bei dem Lifetab handelt es sich um die Ausgabe 2, die ja schon von Lenovo produziert wurde, also ein umgelabeltes Ideatab K1 allerdings mit kleinen optischen Modifikationen.<br \/>\nAuf dem iPad l\u00e4uft iOS 5.1,1 und das Lifetab l\u00e4uft unter Android 4.0.3. Das Lifetab wurde zwar mit Android 3.2 ausgeliefert, aber wie versprochen, inzwischen auf 4.0 aktualisiert. Den versprochenen Automatismus habe 14 Tage nach Ver\u00f6ffentlichung nicht mehr abwarten wollen und daher die Aktualisierung \u00fcber die Einstellungen App selbst gestartet. Eine Anmeldung im Android Shop &#8222;Google Play&#8220; ist daf\u00fcr nicht n\u00f6tig.<\/p>\n<p>Beide Tablets wurden nicht gerootet.<\/p>\n<p>Das Lifetab startet seit dem Update gef\u00fchlte 20% langsamer und nach dem Updaten mussten etliche Apps gel\u00f6scht und neu installiert werden, weil sie nicht mehr lauff\u00e4hig waren. Eine Untersuchung warum, habe ich nicht unternommen. Ich vermute aber, das das Konzept zur Ablage von Shared Libraries nicht sauber umgesetzt wurde, denn das Problem betraf nicht alle Apps, die ich nachinstalliert hatte.<\/p>\n<p>Beide Tabletts sind gleich gro\u00df (Bilddiagonale 10&#8243; , 24,8 cm), haben 2 Kameras, Lagesensor, sind weitestgehend gleich ausgestattet und sehr \u00e4hnlich in der Bedienung. Auf den Bildern liegt das iPad mit der rechten unteren Ecke b\u00fcndig auf dem Lifetab und zum Gr\u00f6\u00dfenvergleich habe ich einen normalen USB-Stecker mit auf das Tablet gelegt.<\/p>\n<p><!--more--><\/p>\n<p>Das iPad ist bei gleicher Displaygr\u00f6\u00dfe etwas d\u00fcnner, etwas kleiner und mit 668g statt 768g genau 100g leicher. Nicht viel mag man meinen. Wenn man das Tablet aber wie ein ge\u00f6ffnetes Buch in der Hand h\u00e4lt, machen sich die 100g ganz schnell bemerkbar.<\/p>\n<p>iPad: 64 GB, WLAN und UMTS<br \/>\nLifetab: 32 GB per MicroSD-Karte erweiterbar, WLAN und UMTS<\/p>\n\n\t\t<style type=\"text\/css\">\n\t\t\t#gallery-1 {\n\t\t\t\tmargin: auto;\n\t\t\t}\n\t\t\t#gallery-1 .gallery-item {\n\t\t\t\tfloat: left;\n\t\t\t\tmargin-top: 10px;\n\t\t\t\ttext-align: center;\n\t\t\t\twidth: 33%;\n\t\t\t}\n\t\t\t#gallery-1 img {\n\t\t\t\tborder: 2px solid #cfcfcf;\n\t\t\t}\n\t\t\t#gallery-1 .gallery-caption {\n\t\t\t\tmargin-left: 0;\n\t\t\t}\n\t\t\t\/* see gallery_shortcode() in wp-includes\/media.php *\/\n\t\t<\/style>\n\t\t<div data-carousel-extra='{&quot;blog_id&quot;:1,&quot;permalink&quot;:&quot;https:\/\/www.krajnik.de\/blog\/2012\/08\/01\/android-vs-ios-ein-erfahrungsbericht\/&quot;}' id='gallery-1' class='gallery galleryid-1215 gallery-columns-3 gallery-size-thumbnail'><dl class='gallery-item'>\n\t\t\t<dt class='gallery-icon landscape'>\n\t\t\t\t<a href=\"https:\/\/i0.wp.com\/www.krajnik.de\/blog\/wp-content\/uploads\/2012\/08\/thick.png?ssl=1\"><img loading=\"lazy\" decoding=\"async\" width=\"150\" height=\"150\" src=\"https:\/\/i0.wp.com\/www.krajnik.de\/blog\/wp-content\/uploads\/2012\/08\/thick.png?resize=150%2C150&amp;ssl=1\" class=\"attachment-thumbnail size-thumbnail\" alt=\"\" srcset=\"https:\/\/i0.wp.com\/www.krajnik.de\/blog\/wp-content\/uploads\/2012\/08\/thick.png?resize=150%2C150&amp;ssl=1 150w, https:\/\/i0.wp.com\/www.krajnik.de\/blog\/wp-content\/uploads\/2012\/08\/thick.png?zoom=2&amp;resize=150%2C150&amp;ssl=1 300w, https:\/\/i0.wp.com\/www.krajnik.de\/blog\/wp-content\/uploads\/2012\/08\/thick.png?zoom=3&amp;resize=150%2C150&amp;ssl=1 450w\" sizes=\"auto, (max-width: 150px) 100vw, 150px\" data-attachment-id=\"1237\" data-permalink=\"https:\/\/www.krajnik.de\/blog\/2012\/08\/01\/android-vs-ios-ein-erfahrungsbericht\/thick\/\" data-orig-file=\"https:\/\/i0.wp.com\/www.krajnik.de\/blog\/wp-content\/uploads\/2012\/08\/thick.png?fit=800%2C531&amp;ssl=1\" data-orig-size=\"800,531\" data-comments-opened=\"1\" data-image-meta=\"{&quot;aperture&quot;:&quot;0&quot;,&quot;credit&quot;:&quot;&quot;,&quot;camera&quot;:&quot;&quot;,&quot;caption&quot;:&quot;&quot;,&quot;created_timestamp&quot;:&quot;0&quot;,&quot;copyright&quot;:&quot;&quot;,&quot;focal_length&quot;:&quot;0&quot;,&quot;iso&quot;:&quot;0&quot;,&quot;shutter_speed&quot;:&quot;0&quot;,&quot;title&quot;:&quot;&quot;}\" data-image-title=\"thick\" data-image-description=\"\" data-image-caption=\"\" data-large-file=\"https:\/\/i0.wp.com\/www.krajnik.de\/blog\/wp-content\/uploads\/2012\/08\/thick.png?fit=625%2C415&amp;ssl=1\" \/><\/a>\n\t\t\t<\/dt><\/dl><dl class='gallery-item'>\n\t\t\t<dt class='gallery-icon portrait'>\n\t\t\t\t<a href=\"https:\/\/i0.wp.com\/www.krajnik.de\/blog\/wp-content\/uploads\/2012\/08\/thick2.jpg?ssl=1\"><img loading=\"lazy\" decoding=\"async\" width=\"150\" height=\"150\" src=\"https:\/\/i0.wp.com\/www.krajnik.de\/blog\/wp-content\/uploads\/2012\/08\/thick2.jpg?resize=150%2C150&amp;ssl=1\" class=\"attachment-thumbnail size-thumbnail\" alt=\"\" srcset=\"https:\/\/i0.wp.com\/www.krajnik.de\/blog\/wp-content\/uploads\/2012\/08\/thick2.jpg?resize=150%2C150&amp;ssl=1 150w, https:\/\/i0.wp.com\/www.krajnik.de\/blog\/wp-content\/uploads\/2012\/08\/thick2.jpg?zoom=2&amp;resize=150%2C150&amp;ssl=1 300w, https:\/\/i0.wp.com\/www.krajnik.de\/blog\/wp-content\/uploads\/2012\/08\/thick2.jpg?zoom=3&amp;resize=150%2C150&amp;ssl=1 450w\" sizes=\"auto, (max-width: 150px) 100vw, 150px\" data-attachment-id=\"1238\" data-permalink=\"https:\/\/www.krajnik.de\/blog\/2012\/08\/01\/android-vs-ios-ein-erfahrungsbericht\/thick2\/\" data-orig-file=\"https:\/\/i0.wp.com\/www.krajnik.de\/blog\/wp-content\/uploads\/2012\/08\/thick2.jpg?fit=531%2C800&amp;ssl=1\" data-orig-size=\"531,800\" data-comments-opened=\"1\" data-image-meta=\"{&quot;aperture&quot;:&quot;8&quot;,&quot;credit&quot;:&quot;&quot;,&quot;camera&quot;:&quot;NIKON D90&quot;,&quot;caption&quot;:&quot;&quot;,&quot;created_timestamp&quot;:&quot;1343648348&quot;,&quot;copyright&quot;:&quot;&quot;,&quot;focal_length&quot;:&quot;105&quot;,&quot;iso&quot;:&quot;1600&quot;,&quot;shutter_speed&quot;:&quot;0.05&quot;,&quot;title&quot;:&quot;&quot;}\" data-image-title=\"thick2\" data-image-description=\"\" data-image-caption=\"\" data-large-file=\"https:\/\/i0.wp.com\/www.krajnik.de\/blog\/wp-content\/uploads\/2012\/08\/thick2.jpg?fit=531%2C800&amp;ssl=1\" \/><\/a>\n\t\t\t<\/dt><\/dl><dl class='gallery-item'>\n\t\t\t<dt class='gallery-icon portrait'>\n\t\t\t\t<a href=\"https:\/\/i0.wp.com\/www.krajnik.de\/blog\/wp-content\/uploads\/2012\/08\/size.png?ssl=1\"><img loading=\"lazy\" decoding=\"async\" width=\"150\" height=\"150\" src=\"https:\/\/i0.wp.com\/www.krajnik.de\/blog\/wp-content\/uploads\/2012\/08\/size.png?resize=150%2C150&amp;ssl=1\" class=\"attachment-thumbnail size-thumbnail\" alt=\"\" srcset=\"https:\/\/i0.wp.com\/www.krajnik.de\/blog\/wp-content\/uploads\/2012\/08\/size.png?resize=150%2C150&amp;ssl=1 150w, https:\/\/i0.wp.com\/www.krajnik.de\/blog\/wp-content\/uploads\/2012\/08\/size.png?zoom=2&amp;resize=150%2C150&amp;ssl=1 300w, https:\/\/i0.wp.com\/www.krajnik.de\/blog\/wp-content\/uploads\/2012\/08\/size.png?zoom=3&amp;resize=150%2C150&amp;ssl=1 450w\" sizes=\"auto, (max-width: 150px) 100vw, 150px\" data-attachment-id=\"1239\" data-permalink=\"https:\/\/www.krajnik.de\/blog\/2012\/08\/01\/android-vs-ios-ein-erfahrungsbericht\/size\/\" data-orig-file=\"https:\/\/i0.wp.com\/www.krajnik.de\/blog\/wp-content\/uploads\/2012\/08\/size.png?fit=531%2C800&amp;ssl=1\" data-orig-size=\"531,800\" data-comments-opened=\"1\" data-image-meta=\"{&quot;aperture&quot;:&quot;0&quot;,&quot;credit&quot;:&quot;&quot;,&quot;camera&quot;:&quot;&quot;,&quot;caption&quot;:&quot;&quot;,&quot;created_timestamp&quot;:&quot;0&quot;,&quot;copyright&quot;:&quot;&quot;,&quot;focal_length&quot;:&quot;0&quot;,&quot;iso&quot;:&quot;0&quot;,&quot;shutter_speed&quot;:&quot;0&quot;,&quot;title&quot;:&quot;&quot;}\" data-image-title=\"size\" data-image-description=\"\" data-image-caption=\"\" data-large-file=\"https:\/\/i0.wp.com\/www.krajnik.de\/blog\/wp-content\/uploads\/2012\/08\/size.png?fit=531%2C800&amp;ssl=1\" \/><\/a>\n\t\t\t<\/dt><\/dl><br style=\"clear: both\" \/>\n\t\t<\/div>\n\n<p>;<\/p>\n<p>Diesen Post schreibe ich zum Teil auf dem Lifetab und zum Teil auf dem iPad. Hierbei kommt es auf die Arbeitsgschwindigkeit an, mit der die Tastaturanschl\u00e4ge im 10-Finger-System erkannt und umgestzt werden. Das iPad kommt deutlich besser mit meiner Tippgeschwindigkeit mit. Zudem ist die Bildschrim-Tastatur der eines PC deutlich \u00e4hnlicher, als die von Android. Mit den Umschalttasten &#8222;shift&#8220; und &#8222;Ziffern&#8220; habe ich mich auf dem iPad allerdings mehr als einmal vertan.<\/p>\n<p>Der Hardware des Lifetab laste ich allerdings die schlechte Anschlagserkennung an. Es erkennt die Ber\u00fchrungen deutlich schlechter als das iPad. Auch ist das iPad draussen erheblich besser abzulesen und blendet deutlich weniger als das Lifetab. Hier muss Lenovo erheblich nachbessern und kommt nicht an das Vorbild von Apple heran. Meiner Meinung nach ist das Lifetab draussen selbst abends und im Schatten schwer ablesbar.<\/p>\n<p>Die Akkuleistung ist bei beiden Ger\u00e4ten gut, die Leistung des Ladeger\u00e4ts d\u00fcrfte aber ruhig besser sein, denn bei einem bis auf 10% aufgebrauchten Akku ben\u00f6tigen beiden Ger\u00e4te mit den mitgelieferten Ladeger\u00e4ten rund 5 bis 6 Stunden ohne das sie w\u00e4hrenddessen benutzt werden. F\u00fcr ein Tablet ist das meiner Meinung nach viel zu lang.<\/p>\n<p>Das Lifetab hat an der Seite einen kleinen Schiebe-Schalter, mit dem man den Lagesensor quasi deaktivieren kann. Die Anzeige rotiert dann nicht mehr, selbst wenn man das Ger\u00e4t dreht. In manchen Situationen ist das recht praktisch. Beim iPad habe ich eine solche Funktion noch nicht gefunden; ehrlich gesagt aber auch noch nicht vermisst.<\/p>\n<p>Da unterschiedliche Carrier zu Einsatz kommen, lasse ich es bei diesem Vergleich aus, die Funkleistung zu vergleichen. WLAN hingegen ist beim iPad stabiler und der Empfang ist st\u00e4rker, wenn beide Gar\u00e4te nebeneinander liegen.<\/p>\n<p>W\u00e4hrend das iPad ausser dem Apple-\u00fcblichen USB-Daten- und Ladekabel nur den zusammensetzbaren USB-Power-Adapter mitliefert, hat Medion noch etliche weitere n\u00fctzliche Adapter-Kabel, eine Schutzh\u00fclle, ein gro\u00dfes Putztuch und einen Displayschutz mit in die Schachtel gepackt. Handb\u00fccher hingegen sucht man bei beiden vergeblich.<\/p>\n<p>Unter dem Strich muss man abw\u00e4gen, was man will und was man braucht. Viele Kleinigkeiten, die Medion mitliefert, muss man bei Apple zus\u00e4tzlich zu dem deutlich h\u00f6heren Einstandpreis extra erwerben, was den Preisunterscheid dann noch weiter vergr\u00f6\u00dfert. Das aber nur, wenn man sie tats\u00e4chlich ben\u00f6tigt.<\/p>\n<p>F\u00fcr mich ist jedoch das Bedienkompfort des iPad so viel besser, das ich es im Gegensatz zu dem Lifetab nicht wieder hergeben m\u00f6chte.<\/p>\n<p>Zum Abschluss hier noch die technischen Daten im Vergleich:<\/p>\n<p><strong>\n<table id=\"tablepress-1\" class=\"tablepress tablepress-id-1\">\n<thead>\n<tr class=\"row-1\">\n\t<td class=\"column-1\"><\/td><th class=\"column-2\">iPad 3<\/th><th class=\"column-3\">Lifetab 9516<\/th>\n<\/tr>\n<\/thead>\n<tbody class=\"row-striping\">\n<tr class=\"row-2\">\n\t<td class=\"column-1\">Display<\/td><td class=\"column-2\">10Zoll Retina display, mit einer Aufl\u00f6sung von 2048\u00d71536, (~ 3.1 MegaPixel bei 264ppi)<\/td><td class=\"column-3\">10 Zoll, 1280 x 800 Punkte, verspiegelt<\/td>\n<\/tr>\n<tr class=\"row-3\">\n\t<td class=\"column-1\">Touch-Display<\/td><td class=\"column-2\">Capacitive, Multi-touch mit Lichtsensor<\/td><td class=\"column-3\">Capacitive, Multi-touch<\/td>\n<\/tr>\n<tr class=\"row-4\">\n\t<td class=\"column-1\">CPU<\/td><td class=\"column-2\">1 GHz Apple A5X Dual-Core Processor mit  Quad core PowerVR SGX543MP4 GPU<\/td><td class=\"column-3\">1 Ghz Nvidia Tegra 250<\/td>\n<\/tr>\n<tr class=\"row-5\">\n\t<td class=\"column-1\">Arbeitsspeicher<\/td><td class=\"column-2\">1 GB<\/td><td class=\"column-3\">1 GB<\/td>\n<\/tr>\n<tr class=\"row-6\">\n\t<td class=\"column-1\">Kartenleser<\/td><td class=\"column-2\">-<\/td><td class=\"column-3\">MicroSD<\/td>\n<\/tr>\n<tr class=\"row-7\">\n\t<td class=\"column-1\">WLAN<\/td><td class=\"column-2\">802.11 b, g, n, a<br \/>\r\nMobile-Hotspot<\/td><td class=\"column-3\">802.11 b, g, n<\/td>\n<\/tr>\n<tr class=\"row-8\">\n\t<td class=\"column-1\">Funk<\/td><td class=\"column-2\">3G und 4G<\/td><td class=\"column-3\">3G<\/td>\n<\/tr>\n<tr class=\"row-9\">\n\t<td class=\"column-1\">Bluetooth<\/td><td class=\"column-2\">4.0<\/td><td class=\"column-3\">ja<\/td>\n<\/tr>\n<tr class=\"row-10\">\n\t<td class=\"column-1\">Kamera<\/td><td class=\"column-2\">5 MP iSight hinten, 0,3 MP VGA vorn<br \/>\r\n<br \/>\r\nBlende:  F2.4<br \/>\r\nBack-illuminated sensor (BSI), Auto focus, Touch to focus, Video stabilizer, Face detection, Geo tagging<br \/>\r\n<br \/>\r\nCamcorder: 1920x1080 (1080p HD) (30 fps)<\/td><td class=\"column-3\">5 MP hinten, 2 MP vorn<\/td>\n<\/tr>\n<tr class=\"row-11\">\n\t<td class=\"column-1\">Anschl\u00fcsse<\/td><td class=\"column-2\">USB mit propriet\u00e4rem Stecker, HDMI, TV-Out, Computer sync, OTA sync<\/td><td class=\"column-3\">microHDMI, MicroUSB<\/td>\n<\/tr>\n<tr class=\"row-12\">\n\t<td class=\"column-1\">Akku<\/td><td class=\"column-2\">11560 mAh f\u00fcr 10 Stunden, 9 Stunden bei 4G<br \/>\r\n<\/td><td class=\"column-3\">ca. 8 Stunden<\/td>\n<\/tr>\n<tr class=\"row-13\">\n\t<td class=\"column-1\">Ma\u00dfe<\/td><td class=\"column-2\">241,2 x 185,7 x 94 mm<\/td><td class=\"column-3\">264 x 189 x 13 mm<\/td>\n<\/tr>\n<tr class=\"row-14\">\n\t<td class=\"column-1\">Gewicht<\/td><td class=\"column-2\">652g (eigene Wiegung ergab 668g)<\/td><td class=\"column-3\">750g (eigene Wiegung ergab 768g)<\/td>\n<\/tr>\n<\/tbody>\n<\/table>\n<!-- #tablepress-1 from cache --><\/strong><\/p>\n","protected":false},"excerpt":{"rendered":"<p>Oder auch Medion Lifetab P9516 (MD 99100) vs. iPad 3. Ist das fair? Ich denke ja. Das iPad ist das aktuelle Ger\u00e4t und bei dem Lifetab handelt es sich um die Ausgabe 2, die ja schon von Lenovo produziert wurde, also ein umgelabeltes Ideatab K1 allerdings mit kleinen optischen Modifikationen. Auf dem iPad l\u00e4uft iOS [&hellip;]<\/p>\n","protected":false},"author":1,"featured_media":0,"comment_status":"open","ping_status":"open","sticky":false,"template":"","format":"standard","meta":{"advanced_seo_description":"","jetpack_seo_html_title":"","jetpack_seo_noindex":false,"ngg_post_thumbnail":0,"jetpack_post_was_ever_published":false,"_jetpack_newsletter_access":"","_jetpack_dont_email_post_to_subs":false,"_jetpack_newsletter_tier_id":0,"_jetpack_memberships_contains_paywalled_content":false,"_jetpack_memberships_contains_paid_content":false,"footnotes":"","jetpack_publicize_message":"","jetpack_publicize_feature_enabled":true,"jetpack_social_post_already_shared":false,"jetpack_social_options":{"image_generator_settings":{"template":"highway","default_image_id":0,"font":"","enabled":false},"version":2}},"categories":[3,160,161,48,1],"tags":[156,159,153,154,155,157,158],"class_list":["post-1215","post","type-post","status-publish","format-standard","hentry","category-computer","category-erfahrungsbericht-2","category-rezension","category-technik","category-uncategorized","tag-android","tag-erfahrungsbericht","tag-ios","tag-ipad","tag-lifetab","tag-vergleich","tag-vergleichstest"],"jetpack_publicize_connections":[],"jetpack_featured_media_url":"","jetpack_sharing_enabled":true,"jetpack_shortlink":"https:\/\/wp.me\/p7tTbX-jB","jetpack_likes_enabled":true,"jetpack-related-posts":[],"_links":{"self":[{"href":"https:\/\/www.krajnik.de\/blog\/wp-json\/wp\/v2\/posts\/1215","targetHints":{"allow":["GET"]}}],"collection":[{"href":"https:\/\/www.krajnik.de\/blog\/wp-json\/wp\/v2\/posts"}],"about":[{"href":"https:\/\/www.krajnik.de\/blog\/wp-json\/wp\/v2\/types\/post"}],"author":[{"embeddable":true,"href":"https:\/\/www.krajnik.de\/blog\/wp-json\/wp\/v2\/users\/1"}],"replies":[{"embeddable":true,"href":"https:\/\/www.krajnik.de\/blog\/wp-json\/wp\/v2\/comments?post=1215"}],"version-history":[{"count":32,"href":"https:\/\/www.krajnik.de\/blog\/wp-json\/wp\/v2\/posts\/1215\/revisions"}],"predecessor-version":[{"id":1222,"href":"https:\/\/www.krajnik.de\/blog\/wp-json\/wp\/v2\/posts\/1215\/revisions\/1222"}],"wp:attachment":[{"href":"https:\/\/www.krajnik.de\/blog\/wp-json\/wp\/v2\/media?parent=1215"}],"wp:term":[{"taxonomy":"category","embeddable":true,"href":"https:\/\/www.krajnik.de\/blog\/wp-json\/wp\/v2\/categories?post=1215"},{"taxonomy":"post_tag","embeddable":true,"href":"https:\/\/www.krajnik.de\/blog\/wp-json\/wp\/v2\/tags?post=1215"}],"curies":[{"name":"wp","href":"https:\/\/api.w.org\/{rel}","templated":true}]}}