{"id":1430,"date":"2013-05-20T18:10:15","date_gmt":"2013-05-20T16:10:15","guid":{"rendered":"http:\/\/blog.solaner.eu\/?p=1430"},"modified":"2013-05-13T21:53:14","modified_gmt":"2013-05-13T19:53:14","slug":"mohnesee","status":"publish","type":"post","link":"https:\/\/www.krajnik.de\/blog\/2013\/05\/20\/mohnesee\/","title":{"rendered":"M\u00f6hnesee"},"content":{"rendered":"<p><a href=\"http:\/\/blog.solaner.eu\/?attachment_id=1431\" rel=\"attachment wp-att-1431\"><img data-recalc-dims=\"1\" loading=\"lazy\" decoding=\"async\" data-attachment-id=\"1431\" data-permalink=\"https:\/\/www.krajnik.de\/blog\/2013\/05\/20\/mohnesee\/600_9643-e_w\/\" data-orig-file=\"https:\/\/i0.wp.com\/www.krajnik.de\/blog\/wp-content\/uploads\/2013\/05\/600_9643-e_w.jpg?fit=1000%2C667&amp;ssl=1\" data-orig-size=\"1000,667\" data-comments-opened=\"1\" data-image-meta=\"{&quot;aperture&quot;:&quot;8&quot;,&quot;credit&quot;:&quot;Andre Krajnik&quot;,&quot;camera&quot;:&quot;NIKON D600&quot;,&quot;caption&quot;:&quot;&quot;,&quot;created_timestamp&quot;:&quot;1367692144&quot;,&quot;copyright&quot;:&quot;Andre Krajnik (andre@krajnik.de)&quot;,&quot;focal_length&quot;:&quot;24&quot;,&quot;iso&quot;:&quot;400&quot;,&quot;shutter_speed&quot;:&quot;0.004&quot;,&quot;title&quot;:&quot;&quot;}\" data-image-title=\"600_9643-e_w\" data-image-description=\"\" data-image-caption=\"\" data-large-file=\"https:\/\/i0.wp.com\/www.krajnik.de\/blog\/wp-content\/uploads\/2013\/05\/600_9643-e_w.jpg?fit=625%2C417&amp;ssl=1\" class=\"alignright size-medium wp-image-1431\" alt=\"600_9643-e_w\" src=\"https:\/\/i0.wp.com\/blog.solaner.eu\/wp-content\/uploads\/2013\/05\/600_9643-e_w-300x200.jpg?resize=300%2C200\" width=\"300\" height=\"200\" srcset=\"https:\/\/i0.wp.com\/www.krajnik.de\/blog\/wp-content\/uploads\/2013\/05\/600_9643-e_w.jpg?resize=300%2C200&amp;ssl=1 300w, https:\/\/i0.wp.com\/www.krajnik.de\/blog\/wp-content\/uploads\/2013\/05\/600_9643-e_w.jpg?w=1000&amp;ssl=1 1000w\" sizes=\"auto, (max-width: 300px) 100vw, 300px\" \/><\/a>Letzte Woche habe ich hier ja Bilder von der <a title=\"M\u00f6hne Illumination\" href=\"http:\/\/blog.solaner.eu\/2013\/05\/13\/mohne-illumination\/\">Illumination <\/a>an der M\u00f6hne anl\u00e4\u00dflich des 100. Geburtstags gezeigt. Heut sind nuch die versprochenen Bilder vom Nachmittag dran. Mehr Bilder wieder <a href=\"http:\/\/solaner.wordpress.com\/2013\/05\/20\/lake-mohne\">hier<\/a>.<\/p>\n<p>Vile Spass!<\/p>\n","protected":false},"excerpt":{"rendered":"<p>Letzte Woche habe ich hier ja Bilder von der Illumination an der M\u00f6hne anl\u00e4\u00dflich des 100. Geburtstags gezeigt. Heut sind nuch die versprochenen Bilder vom Nachmittag dran. Mehr Bilder wieder hier. Vile Spass!<\/p>\n","protected":false},"author":1,"featured_media":0,"comment_status":"open","ping_status":"open","sticky":false,"template":"","format":"standard","meta":{"advanced_seo_description":"","jetpack_seo_html_title":"","jetpack_seo_noindex":false,"ngg_post_thumbnail":0,"jetpack_post_was_ever_published":false,"_jetpack_newsletter_access":"","_jetpack_dont_email_post_to_subs":false,"_jetpack_newsletter_tier_id":0,"_jetpack_memberships_contains_paywalled_content":false,"_jetpack_memberships_contains_paid_content":false,"footnotes":"","jetpack_publicize_message":"","jetpack_publicize_feature_enabled":true,"jetpack_social_post_already_shared":true,"jetpack_social_options":{"image_generator_settings":{"template":"highway","default_image_id":0,"font":"","enabled":false},"version":2}},"categories":[8,7,13,16,17],"tags":[105,330,127,333,217],"class_list":["post-1430","post","type-post","status-publish","format-standard","hentry","category-fotografie","category-kultur","category-landschaft","category-reisen","category-welt","tag-foto","tag-fotografie","tag-fotos","tag-landschaft","tag-mohne"],"jetpack_publicize_connections":[],"jetpack_featured_media_url":"","jetpack_sharing_enabled":true,"jetpack_shortlink":"https:\/\/wp.me\/s7tTbX-mohnesee","jetpack_likes_enabled":true,"jetpack-related-posts":[],"_links":{"self":[{"href":"https:\/\/www.krajnik.de\/blog\/wp-json\/wp\/v2\/posts\/1430","targetHints":{"allow":["GET"]}}],"collection":[{"href":"https:\/\/www.krajnik.de\/blog\/wp-json\/wp\/v2\/posts"}],"about":[{"href":"https:\/\/www.krajnik.de\/blog\/wp-json\/wp\/v2\/types\/post"}],"author":[{"embeddable":true,"href":"https:\/\/www.krajnik.de\/blog\/wp-json\/wp\/v2\/users\/1"}],"replies":[{"embeddable":true,"href":"https:\/\/www.krajnik.de\/blog\/wp-json\/wp\/v2\/comments?post=1430"}],"version-history":[{"count":2,"href":"https:\/\/www.krajnik.de\/blog\/wp-json\/wp\/v2\/posts\/1430\/revisions"}],"predecessor-version":[{"id":1433,"href":"https:\/\/www.krajnik.de\/blog\/wp-json\/wp\/v2\/posts\/1430\/revisions\/1433"}],"wp:attachment":[{"href":"https:\/\/www.krajnik.de\/blog\/wp-json\/wp\/v2\/media?parent=1430"}],"wp:term":[{"taxonomy":"category","embeddable":true,"href":"https:\/\/www.krajnik.de\/blog\/wp-json\/wp\/v2\/categories?post=1430"},{"taxonomy":"post_tag","embeddable":true,"href":"https:\/\/www.krajnik.de\/blog\/wp-json\/wp\/v2\/tags?post=1430"}],"curies":[{"name":"wp","href":"https:\/\/api.w.org\/{rel}","templated":true}]}}