{"id":1549,"date":"2013-10-13T17:12:42","date_gmt":"2013-10-13T15:12:42","guid":{"rendered":"http:\/\/www.solaner.eu\/blog\/?p=1549"},"modified":"2013-10-13T17:12:42","modified_gmt":"2013-10-13T15:12:42","slug":"75-schwelmer-troedelmarkt","status":"publish","type":"post","link":"https:\/\/www.krajnik.de\/blog\/2013\/10\/13\/75-schwelmer-troedelmarkt\/","title":{"rendered":"75. Schwelmer Tr\u00f6delmarkt"},"content":{"rendered":"<p><a href=\"http:\/\/www.solaner.eu\/blog\/2013\/10\/13\/75-schwelmer-troedelmarkt\/600_4243_w\/\" rel=\"attachment wp-att-1550\"><img data-recalc-dims=\"1\" loading=\"lazy\" decoding=\"async\" data-attachment-id=\"1550\" data-permalink=\"https:\/\/www.krajnik.de\/blog\/2013\/10\/13\/75-schwelmer-troedelmarkt\/600_4243_w\/\" data-orig-file=\"https:\/\/i0.wp.com\/www.krajnik.de\/blog\/wp-content\/uploads\/2013\/10\/600_4243_w.jpg?fit=1000%2C668&amp;ssl=1\" data-orig-size=\"1000,668\" data-comments-opened=\"1\" data-image-meta=\"{&quot;aperture&quot;:&quot;8&quot;,&quot;credit&quot;:&quot;Andre Krajnik&quot;,&quot;camera&quot;:&quot;NIKON D600&quot;,&quot;caption&quot;:&quot;&quot;,&quot;created_timestamp&quot;:&quot;1381671233&quot;,&quot;copyright&quot;:&quot;Andre Krajnik (andre@krajnik.de)&quot;,&quot;focal_length&quot;:&quot;30&quot;,&quot;iso&quot;:&quot;200&quot;,&quot;shutter_speed&quot;:&quot;0.008&quot;,&quot;title&quot;:&quot;&quot;}\" data-image-title=\"600_4243_w\" data-image-description=\"\" data-image-caption=\"\" data-large-file=\"https:\/\/i0.wp.com\/www.krajnik.de\/blog\/wp-content\/uploads\/2013\/10\/600_4243_w.jpg?fit=625%2C418&amp;ssl=1\" class=\"alignright size-medium wp-image-1550\" alt=\"600_4243_w\" src=\"https:\/\/i0.wp.com\/www.solaner.eu\/blog\/wp-content\/uploads\/2013\/10\/600_4243_w-300x200.jpg?resize=300%2C200\" width=\"300\" height=\"200\" srcset=\"https:\/\/i0.wp.com\/www.krajnik.de\/blog\/wp-content\/uploads\/2013\/10\/600_4243_w.jpg?resize=300%2C200&amp;ssl=1 300w, https:\/\/i0.wp.com\/www.krajnik.de\/blog\/wp-content\/uploads\/2013\/10\/600_4243_w.jpg?w=1000&amp;ssl=1 1000w\" sizes=\"auto, (max-width: 300px) 100vw, 300px\" \/><\/a>Heute war wieder Tr\u00f6delmarkt in Schwelm. Und wieder gab es ein reichhaltiges Angebot an Puppen, Spielzeug, Geschirr, Kleinm\u00f6beln, Autozubeh\u00f6r, Deko-Artikeln, Handy- und Handyzubeh\u00f6t, DVDs, Computer- und Konsolenspielen und vielem, vielem mehr.<\/p>\n<p>Auch wenn es den Tag \u00fcber trocken blieb und die Sonne zwischendurch durch die Wolken schaute, so dass man tats\u00e4chlich etwas blauen Himmels ersp\u00e4hen konnte, blieb es lausig kalt. Bei nur 8\u00b0C mussten die Tr\u00f6dler sich dick einpacken um den Tag drau\u00dfen durchzustehen. An einigen St\u00e4nden konnen man h\u00f6ren, dass die Tr\u00f6dler sich das Ende des Tages herbeiw\u00fcnschten, um wieder ins Warme zu kommen.<\/p>\n<p>Einige gro\u00dfe Stellen, insbesondere auf dem Schillerplatz waren leer geblieben und es waren auch weniger Besucher unterwegs, als beim letzten Mal, im Mai.<\/p>\n<p>Mehr Bilder gibt es in <a href=\"http:\/\/solaner.wordpress.com\/2013\/10\/13\/at-the-flea-market\/\" target=\"_blank\">meinem anderen Blog<\/a>. Viel Spa\u00df beim Ansehen.<\/p>\n","protected":false},"excerpt":{"rendered":"<p>Heute war wieder Tr\u00f6delmarkt in Schwelm. Und wieder gab es ein reichhaltiges Angebot an Puppen, Spielzeug, Geschirr, Kleinm\u00f6beln, Autozubeh\u00f6r, Deko-Artikeln, Handy- und Handyzubeh\u00f6t, DVDs, Computer- und Konsolenspielen und vielem, vielem mehr. Auch wenn es den Tag \u00fcber trocken blieb und die Sonne zwischendurch durch die Wolken schaute, so dass man tats\u00e4chlich etwas blauen Himmels ersp\u00e4hen [&hellip;]<\/p>\n","protected":false},"author":1,"featured_media":0,"comment_status":"open","ping_status":"open","sticky":false,"template":"","format":"standard","meta":{"advanced_seo_description":"","jetpack_seo_html_title":"","jetpack_seo_noindex":false,"ngg_post_thumbnail":0,"jetpack_post_was_ever_published":false,"_jetpack_newsletter_access":"","_jetpack_dont_email_post_to_subs":false,"_jetpack_newsletter_tier_id":0,"_jetpack_memberships_contains_paywalled_content":false,"_jetpack_memberships_contains_paid_content":false,"footnotes":"","jetpack_publicize_message":"","jetpack_publicize_feature_enabled":true,"jetpack_social_post_already_shared":true,"jetpack_social_options":{"image_generator_settings":{"template":"highway","default_image_id":0,"font":"","enabled":false},"version":2}},"categories":[160,8,22,7,11,16,161,14,17],"tags":[63,257],"class_list":["post-1549","post","type-post","status-publish","format-standard","hentry","category-erfahrungsbericht-2","category-fotografie","category-general","category-kultur","category-kunst","category-reisen","category-rezension","category-treffen","category-welt","tag-schwelm","tag-troedelmarkt"],"jetpack_publicize_connections":[],"jetpack_featured_media_url":"","jetpack_sharing_enabled":true,"jetpack_shortlink":"https:\/\/wp.me\/p7tTbX-oZ","jetpack_likes_enabled":true,"jetpack-related-posts":[],"_links":{"self":[{"href":"https:\/\/www.krajnik.de\/blog\/wp-json\/wp\/v2\/posts\/1549","targetHints":{"allow":["GET"]}}],"collection":[{"href":"https:\/\/www.krajnik.de\/blog\/wp-json\/wp\/v2\/posts"}],"about":[{"href":"https:\/\/www.krajnik.de\/blog\/wp-json\/wp\/v2\/types\/post"}],"author":[{"embeddable":true,"href":"https:\/\/www.krajnik.de\/blog\/wp-json\/wp\/v2\/users\/1"}],"replies":[{"embeddable":true,"href":"https:\/\/www.krajnik.de\/blog\/wp-json\/wp\/v2\/comments?post=1549"}],"version-history":[{"count":2,"href":"https:\/\/www.krajnik.de\/blog\/wp-json\/wp\/v2\/posts\/1549\/revisions"}],"predecessor-version":[{"id":1552,"href":"https:\/\/www.krajnik.de\/blog\/wp-json\/wp\/v2\/posts\/1549\/revisions\/1552"}],"wp:attachment":[{"href":"https:\/\/www.krajnik.de\/blog\/wp-json\/wp\/v2\/media?parent=1549"}],"wp:term":[{"taxonomy":"category","embeddable":true,"href":"https:\/\/www.krajnik.de\/blog\/wp-json\/wp\/v2\/categories?post=1549"},{"taxonomy":"post_tag","embeddable":true,"href":"https:\/\/www.krajnik.de\/blog\/wp-json\/wp\/v2\/tags?post=1549"}],"curies":[{"name":"wp","href":"https:\/\/api.w.org\/{rel}","templated":true}]}}