{"id":1960,"date":"2014-05-18T16:13:49","date_gmt":"2014-05-18T14:13:49","guid":{"rendered":"http:\/\/www.solaner.eu\/blog\/?p=1960"},"modified":"2014-05-18T16:13:50","modified_gmt":"2014-05-18T14:13:50","slug":"76-schwelmer-troedelmarkt","status":"publish","type":"post","link":"https:\/\/www.krajnik.de\/blog\/2014\/05\/18\/76-schwelmer-troedelmarkt\/","title":{"rendered":"76. Schwelmer Tr\u00f6delmarkt"},"content":{"rendered":"<p><a href=\"http:\/\/www.solaner.eu\/blog\/2014\/05\/18\/76-schwelmer-troedelmarkt\/600_0057_w\/\" rel=\"attachment wp-att-1962\"><img data-recalc-dims=\"1\" loading=\"lazy\" decoding=\"async\" data-attachment-id=\"1962\" data-permalink=\"https:\/\/www.krajnik.de\/blog\/2014\/05\/18\/76-schwelmer-troedelmarkt\/600_0057_w\/\" data-orig-file=\"https:\/\/i0.wp.com\/www.krajnik.de\/blog\/wp-content\/uploads\/2014\/05\/600_0057_w.jpg?fit=800%2C534&amp;ssl=1\" data-orig-size=\"800,534\" data-comments-opened=\"1\" data-image-meta=\"{&quot;aperture&quot;:&quot;5&quot;,&quot;credit&quot;:&quot;Andre Krajnik&quot;,&quot;camera&quot;:&quot;NIKON D600&quot;,&quot;caption&quot;:&quot;&quot;,&quot;created_timestamp&quot;:&quot;1400414659&quot;,&quot;copyright&quot;:&quot;Andre Krajnik (andre@krajnik.de)&quot;,&quot;focal_length&quot;:&quot;24&quot;,&quot;iso&quot;:&quot;100&quot;,&quot;shutter_speed&quot;:&quot;0.0025&quot;,&quot;title&quot;:&quot;&quot;}\" data-image-title=\"600_0057_w\" data-image-description=\"\" data-image-caption=\"\" data-large-file=\"https:\/\/i0.wp.com\/www.krajnik.de\/blog\/wp-content\/uploads\/2014\/05\/600_0057_w.jpg?fit=625%2C417&amp;ssl=1\" class=\"alignright size-medium wp-image-1962\" src=\"https:\/\/i0.wp.com\/www.solaner.eu\/blog\/wp-content\/uploads\/2014\/05\/600_0057_w-300x200.jpg?resize=300%2C200\" alt=\"600_0057_w\" width=\"300\" height=\"200\" srcset=\"https:\/\/i0.wp.com\/www.krajnik.de\/blog\/wp-content\/uploads\/2014\/05\/600_0057_w.jpg?resize=300%2C200&amp;ssl=1 300w, https:\/\/i0.wp.com\/www.krajnik.de\/blog\/wp-content\/uploads\/2014\/05\/600_0057_w.jpg?w=800&amp;ssl=1 800w\" sizes=\"auto, (max-width: 300px) 100vw, 300px\" \/><\/a>Bei herrlichem Sommerwetter fand heute der 76. Schwelmer Tr\u00f6delmarkt statt. Wie \u00fcblich waren Wilhelmplatz, Wilhelmstra\u00dfe, Schillerplatz und Schillerstra\u00dfe gesperrt und statt mit Autos mit Tr\u00f6delst\u00e4nden belegt. Schon morgens vor 6 Uhr k\u00f6nnt man die ersten Schn\u00e4ppchen machen. Nachmittags wurden auch die Gesch\u00e4fte ge\u00f6ffnet. Eine belebte Innenstadt, fast wie an einem Samstag. Dank W\u00fcrstchenverkauf, Crepes-St\u00e4nden und anderen Verzehrst\u00e4nden, die man sonst vom Heimatfest oder Kirmes kennt, brauchte niemand fr\u00fchzeitig nach Hause.<\/p>\n<p>Hier ein paar Eindr\u00fccke von Tr\u00f6delst\u00e4nden und dem vielf\u00e4ltigen Warenangebot aus Kinderzimmern, Kellern, Dachb\u00f6den, Garagen und Abstellr\u00e4umen. Neben altem Tr\u00f6del konnte man Kleidung, Kinderkleidung, Spielzeug, Deko-Artikel, Sportger\u00e4te, Sport\u2013kleidung, Werkzeuge, Autoteile, Filme, DVDs, Computer- und Konsolenspiele und vieles andere mehr finden.<\/p>\n<p>Viel Spa\u00df!<\/p>\nngg_shortcode_0_placeholder\n","protected":false},"excerpt":{"rendered":"<p>Bei herrlichem Sommerwetter fand heute der 76. Schwelmer Tr\u00f6delmarkt statt. Wie \u00fcblich waren Wilhelmplatz, Wilhelmstra\u00dfe, Schillerplatz und Schillerstra\u00dfe gesperrt und statt mit Autos mit Tr\u00f6delst\u00e4nden belegt. Schon morgens vor 6 Uhr k\u00f6nnt man die ersten Schn\u00e4ppchen machen. Nachmittags wurden auch die Gesch\u00e4fte ge\u00f6ffnet. Eine belebte Innenstadt, fast wie an einem Samstag. Dank W\u00fcrstchenverkauf, Crepes-St\u00e4nden und [&hellip;]<\/p>\n","protected":false},"author":1,"featured_media":0,"comment_status":"open","ping_status":"open","sticky":false,"template":"","format":"standard","meta":{"advanced_seo_description":"","jetpack_seo_html_title":"","jetpack_seo_noindex":false,"ngg_post_thumbnail":0,"jetpack_post_was_ever_published":false,"_jetpack_newsletter_access":"","_jetpack_dont_email_post_to_subs":false,"_jetpack_newsletter_tier_id":0,"_jetpack_memberships_contains_paywalled_content":false,"_jetpack_memberships_contains_paid_content":false,"footnotes":"","jetpack_publicize_message":"","jetpack_publicize_feature_enabled":true,"jetpack_social_post_already_shared":true,"jetpack_social_options":{"image_generator_settings":{"template":"highway","default_image_id":0,"font":"","enabled":false},"version":2}},"categories":[160,7,11,16,17],"tags":[287,63,257],"class_list":["post-1960","post","type-post","status-publish","format-standard","hentry","category-erfahrungsbericht-2","category-kultur","category-kunst","category-reisen","category-welt","tag-flohmarkt","tag-schwelm","tag-troedelmarkt"],"jetpack_publicize_connections":[],"jetpack_featured_media_url":"","jetpack_sharing_enabled":true,"jetpack_shortlink":"https:\/\/wp.me\/p7tTbX-vC","jetpack_likes_enabled":true,"jetpack-related-posts":[],"_links":{"self":[{"href":"https:\/\/www.krajnik.de\/blog\/wp-json\/wp\/v2\/posts\/1960","targetHints":{"allow":["GET"]}}],"collection":[{"href":"https:\/\/www.krajnik.de\/blog\/wp-json\/wp\/v2\/posts"}],"about":[{"href":"https:\/\/www.krajnik.de\/blog\/wp-json\/wp\/v2\/types\/post"}],"author":[{"embeddable":true,"href":"https:\/\/www.krajnik.de\/blog\/wp-json\/wp\/v2\/users\/1"}],"replies":[{"embeddable":true,"href":"https:\/\/www.krajnik.de\/blog\/wp-json\/wp\/v2\/comments?post=1960"}],"version-history":[{"count":4,"href":"https:\/\/www.krajnik.de\/blog\/wp-json\/wp\/v2\/posts\/1960\/revisions"}],"predecessor-version":[{"id":1965,"href":"https:\/\/www.krajnik.de\/blog\/wp-json\/wp\/v2\/posts\/1960\/revisions\/1965"}],"wp:attachment":[{"href":"https:\/\/www.krajnik.de\/blog\/wp-json\/wp\/v2\/media?parent=1960"}],"wp:term":[{"taxonomy":"category","embeddable":true,"href":"https:\/\/www.krajnik.de\/blog\/wp-json\/wp\/v2\/categories?post=1960"},{"taxonomy":"post_tag","embeddable":true,"href":"https:\/\/www.krajnik.de\/blog\/wp-json\/wp\/v2\/tags?post=1960"}],"curies":[{"name":"wp","href":"https:\/\/api.w.org\/{rel}","templated":true}]}}