{"id":2892,"date":"2014-10-11T17:10:50","date_gmt":"2014-10-11T15:10:50","guid":{"rendered":"http:\/\/www.solaner.eu\/blog\/?p=2892"},"modified":"2014-10-11T17:16:27","modified_gmt":"2014-10-11T15:16:27","slug":"kuba-kalender-2015","status":"publish","type":"post","link":"https:\/\/www.krajnik.de\/blog\/2014\/10\/11\/kuba-kalender-2015\/","title":{"rendered":"Kuba Kalender 2015"},"content":{"rendered":"<p><a href=\"http:\/\/www.solaner.eu\/blog\/2014\/10\/11\/kuba-kalender-2015\/cubacars-2\/\" rel=\"attachment wp-att-2893\"><img data-recalc-dims=\"1\" loading=\"lazy\" decoding=\"async\" data-attachment-id=\"2893\" data-permalink=\"https:\/\/www.krajnik.de\/blog\/2014\/10\/11\/kuba-kalender-2015\/cubacars-2\/\" data-orig-file=\"https:\/\/i0.wp.com\/www.krajnik.de\/blog\/wp-content\/uploads\/2014\/10\/cubacars.jpg?fit=600%2C400&amp;ssl=1\" data-orig-size=\"600,400\" data-comments-opened=\"1\" data-image-meta=\"{&quot;aperture&quot;:&quot;4.5&quot;,&quot;credit&quot;:&quot;Andre Krajnik&quot;,&quot;camera&quot;:&quot;NIKON D600&quot;,&quot;caption&quot;:&quot;&quot;,&quot;created_timestamp&quot;:&quot;1361779940&quot;,&quot;copyright&quot;:&quot;Andre Krajnik (andre@krajnik.de)&quot;,&quot;focal_length&quot;:&quot;35&quot;,&quot;iso&quot;:&quot;100&quot;,&quot;shutter_speed&quot;:&quot;0.002&quot;,&quot;title&quot;:&quot;&quot;,&quot;orientation&quot;:&quot;1&quot;}\" data-image-title=\"cubacars\" data-image-description=\"\" data-image-caption=\"\" data-large-file=\"https:\/\/i0.wp.com\/www.krajnik.de\/blog\/wp-content\/uploads\/2014\/10\/cubacars.jpg?fit=600%2C400&amp;ssl=1\" class=\"alignright size-medium wp-image-2893\" src=\"https:\/\/i0.wp.com\/www.solaner.eu\/blog\/wp-content\/uploads\/2014\/10\/cubacars-300x200.jpg?resize=300%2C200\" alt=\"cubacars\" width=\"300\" height=\"200\" srcset=\"https:\/\/i0.wp.com\/www.krajnik.de\/blog\/wp-content\/uploads\/2014\/10\/cubacars.jpg?resize=300%2C200&amp;ssl=1 300w, https:\/\/i0.wp.com\/www.krajnik.de\/blog\/wp-content\/uploads\/2014\/10\/cubacars.jpg?w=600&amp;ssl=1 600w\" sizes=\"auto, (max-width: 300px) 100vw, 300px\" \/><\/a>Es ist soweit: Die Kuba-Kalender mit meinen Fotos sind f\u00fcr 2015 verf\u00fcgbar. Bei<a href=\"http:\/\/astore.amazon.de\/blogsolanereu-21\" target=\"_blank\"> Amazon <\/a>und vielen anderen Online-Shops sowie im lokalen Buchhandel!<\/p>\n<p>Mithilfe der ISBN-Nummern k\u00f6nnen die Kalender in jeder Buchhandlung bestellt werden. Das gilt auch f\u00fcr die internationalen Ausgaben f\u00fcr die \u00d6sterreich, Schweiz, Gro\u00df-Brittannien und die USA. Die ISBN Nummer f\u00fcr die internationalen Ausgaben finden sich in meinem anderen <a href=\"http:\/\/solaner.wordpress.com\/2014\/10\/11\/my-cuba-calendars-are-available-at-the-stores\/\" target=\"_blank\">Blog<\/a>.<\/p>\n<p>&nbsp;<\/p>\n<table border=\"1\" width=\"100%\" cellspacing=\"0\" cellpadding=\"4\">\n<tbody>\n<tr valign=\"TOP\">\n<td width=\"26%\">\u00a0<strong>2015<\/strong><\/td>\n<td width=\"25%\"><strong>La Habana \/ Havana<\/strong><\/td>\n<td width=\"25%\"><strong>Havana Portrait<\/strong><\/td>\n<td width=\"25%\"><strong>Cuba Cars<\/strong><\/td>\n<\/tr>\n<tr valign=\"TOP\">\n<td width=\"26%\">Wandkalender\u00a0DIN A4<\/td>\n<td width=\"25%\">978-3-660-71359-6<\/td>\n<td width=\"25%\">978-3-660-71493-7<\/td>\n<td width=\"25%\">978-3-660-69920-3<\/td>\n<\/tr>\n<tr valign=\"TOP\">\n<td width=\"26%\">Wandkalender\u00a0DIN A3<\/td>\n<td width=\"25%\">978-3-660-71357-2<\/td>\n<td width=\"25%\">978-3-660-71491-3<\/td>\n<td width=\"25%\">978-3-660-69919-7<\/td>\n<\/tr>\n<tr valign=\"TOP\">\n<td width=\"26%\">Wandkalender\u00a0DIN A2<\/td>\n<td width=\"25%\">978-3-660-71360-2<\/td>\n<td width=\"25%\">978-3-660-71494-4<\/td>\n<td width=\"25%\">978-3-660-69921-0<\/td>\n<\/tr>\n<tr valign=\"TOP\">\n<td width=\"26%\">Tischkalender DIN A5<\/td>\n<td width=\"25%\">978-3-660-71358-9<\/td>\n<td width=\"25%\">978-3-660-71492-0<\/td>\n<td width=\"25%\">978-3-660-69922-7<\/td>\n<\/tr>\n<\/tbody>\n<\/table>\n","protected":false},"excerpt":{"rendered":"<p>Es ist soweit: Die Kuba-Kalender mit meinen Fotos sind f\u00fcr 2015 verf\u00fcgbar. Bei Amazon und vielen anderen Online-Shops sowie im lokalen Buchhandel! Mithilfe der ISBN-Nummern k\u00f6nnen die Kalender in jeder Buchhandlung bestellt werden. Das gilt auch f\u00fcr die internationalen Ausgaben f\u00fcr die \u00d6sterreich, Schweiz, Gro\u00df-Brittannien und die USA. Die ISBN Nummer f\u00fcr die internationalen Ausgaben [&hellip;]<\/p>\n","protected":false},"author":1,"featured_media":0,"comment_status":"open","ping_status":"open","sticky":false,"template":"","format":"standard","meta":{"advanced_seo_description":"","jetpack_seo_html_title":"","jetpack_seo_noindex":false,"ngg_post_thumbnail":0,"jetpack_post_was_ever_published":false,"_jetpack_newsletter_access":"","_jetpack_dont_email_post_to_subs":false,"_jetpack_newsletter_tier_id":0,"_jetpack_memberships_contains_paywalled_content":false,"_jetpack_memberships_contains_paid_content":false,"footnotes":"","jetpack_publicize_message":"","jetpack_publicize_feature_enabled":true,"jetpack_social_post_already_shared":true,"jetpack_social_options":{"image_generator_settings":{"template":"highway","default_image_id":0,"font":"","enabled":false},"version":2}},"categories":[8,11],"tags":[303,225,304,193],"class_list":["post-2892","post","type-post","status-publish","format-standard","hentry","category-fotografie","category-kunst","tag-303","tag-kalender","tag-kalender-2015","tag-kuba"],"jetpack_publicize_connections":[],"jetpack_featured_media_url":"","jetpack_sharing_enabled":true,"jetpack_shortlink":"https:\/\/wp.me\/p7tTbX-KE","jetpack_likes_enabled":true,"jetpack-related-posts":[],"_links":{"self":[{"href":"https:\/\/www.krajnik.de\/blog\/wp-json\/wp\/v2\/posts\/2892","targetHints":{"allow":["GET"]}}],"collection":[{"href":"https:\/\/www.krajnik.de\/blog\/wp-json\/wp\/v2\/posts"}],"about":[{"href":"https:\/\/www.krajnik.de\/blog\/wp-json\/wp\/v2\/types\/post"}],"author":[{"embeddable":true,"href":"https:\/\/www.krajnik.de\/blog\/wp-json\/wp\/v2\/users\/1"}],"replies":[{"embeddable":true,"href":"https:\/\/www.krajnik.de\/blog\/wp-json\/wp\/v2\/comments?post=2892"}],"version-history":[{"count":2,"href":"https:\/\/www.krajnik.de\/blog\/wp-json\/wp\/v2\/posts\/2892\/revisions"}],"predecessor-version":[{"id":2895,"href":"https:\/\/www.krajnik.de\/blog\/wp-json\/wp\/v2\/posts\/2892\/revisions\/2895"}],"wp:attachment":[{"href":"https:\/\/www.krajnik.de\/blog\/wp-json\/wp\/v2\/media?parent=2892"}],"wp:term":[{"taxonomy":"category","embeddable":true,"href":"https:\/\/www.krajnik.de\/blog\/wp-json\/wp\/v2\/categories?post=2892"},{"taxonomy":"post_tag","embeddable":true,"href":"https:\/\/www.krajnik.de\/blog\/wp-json\/wp\/v2\/tags?post=2892"}],"curies":[{"name":"wp","href":"https:\/\/api.w.org\/{rel}","templated":true}]}}