{"id":2996,"date":"2015-04-12T11:09:17","date_gmt":"2015-04-12T09:09:17","guid":{"rendered":"http:\/\/www.solaner.eu\/blog\/?p=2996"},"modified":"2015-04-12T11:09:17","modified_gmt":"2015-04-12T09:09:17","slug":"fotoprojekt-spiegelungen","status":"publish","type":"post","link":"https:\/\/www.krajnik.de\/blog\/2015\/04\/12\/fotoprojekt-spiegelungen\/","title":{"rendered":"Fotoprojekt: Spiegelungen"},"content":{"rendered":"<p>Spiegelungen sind ja seit jeher eines der Lieblingsmotive der Fotografen. Klare Seen, kleine Pf\u00fctzen, Fensterscheiben, Sonnenbrillen, Glasfassaden moderner H\u00e4user und vieles mehr eignet sich daf\u00fcr in einem bestimmten Winkel fotografiert einen etwas anderen Blick auf allt\u00e4gliche Motive zu erm\u00f6glichen. \u00a0All diese Dinge finden sich hundertfach im Archiv eines jeden Fotografen. Auch in Meinem.<\/p>\n<p>Daher habe ich ein Bild herausgesucht, das aus dieser Masse heraussticht.<\/p>\n<p><a href=\"http:\/\/www.solaner.eu\/blog\/2015\/04\/12\/fotoprojekt-spiegelungen\/600_4007-eb3_w\/\" rel=\"attachment wp-att-2997\"><img data-recalc-dims=\"1\" loading=\"lazy\" decoding=\"async\" data-attachment-id=\"2997\" data-permalink=\"https:\/\/www.krajnik.de\/blog\/2015\/04\/12\/fotoprojekt-spiegelungen\/600_4007-eb3_w\/\" data-orig-file=\"https:\/\/i0.wp.com\/www.krajnik.de\/blog\/wp-content\/uploads\/2015\/04\/600_4007-eb3_w.jpg?fit=900%2C601&amp;ssl=1\" data-orig-size=\"900,601\" data-comments-opened=\"1\" data-image-meta=\"{&quot;aperture&quot;:&quot;4.5&quot;,&quot;credit&quot;:&quot;Andre Krajnik&quot;,&quot;camera&quot;:&quot;NIKON D600&quot;,&quot;caption&quot;:&quot;&quot;,&quot;created_timestamp&quot;:&quot;1361778306&quot;,&quot;copyright&quot;:&quot;Andre Krajnik (andre@krajnik.de)&quot;,&quot;focal_length&quot;:&quot;62&quot;,&quot;iso&quot;:&quot;100&quot;,&quot;shutter_speed&quot;:&quot;0.05&quot;,&quot;title&quot;:&quot;&quot;,&quot;orientation&quot;:&quot;1&quot;}\" data-image-title=\"600_4007-eb3_w\" data-image-description=\"\" data-image-caption=\"\" data-large-file=\"https:\/\/i0.wp.com\/www.krajnik.de\/blog\/wp-content\/uploads\/2015\/04\/600_4007-eb3_w.jpg?fit=625%2C417&amp;ssl=1\" class=\"aligncenter wp-image-2997\" src=\"https:\/\/i0.wp.com\/www.solaner.eu\/blog\/wp-content\/uploads\/2015\/04\/600_4007-eb3_w-300x200.jpg?resize=400%2C267\" alt=\"600_4007-eb3_w\" width=\"400\" height=\"267\" srcset=\"https:\/\/i0.wp.com\/www.krajnik.de\/blog\/wp-content\/uploads\/2015\/04\/600_4007-eb3_w.jpg?resize=300%2C200&amp;ssl=1 300w, https:\/\/i0.wp.com\/www.krajnik.de\/blog\/wp-content\/uploads\/2015\/04\/600_4007-eb3_w.jpg?w=900&amp;ssl=1 900w\" sizes=\"auto, (max-width: 400px) 100vw, 400px\" \/><\/a>\u00a0Dieser Post ist mein Beitrag zu <a href=\"https:\/\/laparoleaetedonneealhomme.wordpress.com\/myriades-etwas-anderes-fotoprojekt\/spiegelung\/\" target=\"_blank\">Myriades Fotoprojekt.<\/a><\/p>\n<p>W\u00e4hrend man auf dem Kotfl\u00fcgel ein fahrend Fahrzeug sieht, kann man im Scheinwerfer das Nationaltheater Havannas entdecken. Mehr zu Kuba in meinem <a href=\"http:\/\/solaner.wordprress.com\/tag\/cuba\/\" target=\"_blank\">Reiseblog<\/a>.<\/p>\n","protected":false},"excerpt":{"rendered":"<p>Spiegelungen sind ja seit jeher eines der Lieblingsmotive der Fotografen. Klare Seen, kleine Pf\u00fctzen, Fensterscheiben, Sonnenbrillen, Glasfassaden moderner H\u00e4user und vieles mehr eignet sich daf\u00fcr in einem bestimmten Winkel fotografiert einen etwas anderen Blick auf allt\u00e4gliche Motive zu erm\u00f6glichen. \u00a0All diese Dinge finden sich hundertfach im Archiv eines jeden Fotografen. Auch in Meinem. Daher habe [&hellip;]<\/p>\n","protected":false},"author":1,"featured_media":0,"comment_status":"open","ping_status":"open","sticky":false,"template":"","format":"standard","meta":{"advanced_seo_description":"","jetpack_seo_html_title":"","jetpack_seo_noindex":false,"ngg_post_thumbnail":0,"jetpack_post_was_ever_published":false,"_jetpack_newsletter_access":"","_jetpack_dont_email_post_to_subs":false,"_jetpack_newsletter_tier_id":0,"_jetpack_memberships_contains_paywalled_content":false,"_jetpack_memberships_contains_paid_content":false,"footnotes":"","jetpack_publicize_message":"","jetpack_publicize_feature_enabled":true,"jetpack_social_post_already_shared":true,"jetpack_social_options":{"image_generator_settings":{"template":"highway","default_image_id":0,"font":"","enabled":false},"version":2}},"categories":[8,310,190,7,16,17],"tags":[330,311,193,201],"class_list":["post-2996","post","type-post","status-publish","format-standard","hentry","category-fotografie","category-fotoprojekt","category-fun","category-kultur","category-reisen","category-welt","tag-fotografie","tag-fotoprojekt","tag-kuba","tag-reise"],"jetpack_publicize_connections":[],"jetpack_featured_media_url":"","jetpack_sharing_enabled":true,"jetpack_shortlink":"https:\/\/wp.me\/p7tTbX-Mk","jetpack_likes_enabled":true,"jetpack-related-posts":[],"_links":{"self":[{"href":"https:\/\/www.krajnik.de\/blog\/wp-json\/wp\/v2\/posts\/2996","targetHints":{"allow":["GET"]}}],"collection":[{"href":"https:\/\/www.krajnik.de\/blog\/wp-json\/wp\/v2\/posts"}],"about":[{"href":"https:\/\/www.krajnik.de\/blog\/wp-json\/wp\/v2\/types\/post"}],"author":[{"embeddable":true,"href":"https:\/\/www.krajnik.de\/blog\/wp-json\/wp\/v2\/users\/1"}],"replies":[{"embeddable":true,"href":"https:\/\/www.krajnik.de\/blog\/wp-json\/wp\/v2\/comments?post=2996"}],"version-history":[{"count":2,"href":"https:\/\/www.krajnik.de\/blog\/wp-json\/wp\/v2\/posts\/2996\/revisions"}],"predecessor-version":[{"id":3001,"href":"https:\/\/www.krajnik.de\/blog\/wp-json\/wp\/v2\/posts\/2996\/revisions\/3001"}],"wp:attachment":[{"href":"https:\/\/www.krajnik.de\/blog\/wp-json\/wp\/v2\/media?parent=2996"}],"wp:term":[{"taxonomy":"category","embeddable":true,"href":"https:\/\/www.krajnik.de\/blog\/wp-json\/wp\/v2\/categories?post=2996"},{"taxonomy":"post_tag","embeddable":true,"href":"https:\/\/www.krajnik.de\/blog\/wp-json\/wp\/v2\/tags?post=2996"}],"curies":[{"name":"wp","href":"https:\/\/api.w.org\/{rel}","templated":true}]}}