{"id":3003,"date":"2015-04-19T14:56:48","date_gmt":"2015-04-19T12:56:48","guid":{"rendered":"http:\/\/www.solaner.eu\/blog\/?p=3003"},"modified":"2015-04-19T14:56:48","modified_gmt":"2015-04-19T12:56:48","slug":"fotoprojekt-licht","status":"publish","type":"post","link":"https:\/\/www.krajnik.de\/blog\/2015\/04\/19\/fotoprojekt-licht\/","title":{"rendered":"Fotoprojekt: Licht"},"content":{"rendered":"<p>&nbsp;<\/p>\n<p>&nbsp;<\/p>\n<p>Licht umgibt uns nahezu st\u00e4ndig von allen Seiten. Selten nehmen wir Licht wahr. Es ist so, als w\u00fcrden wir einen Fisch fragen, was Wasser ist. Eher nehmen wir die Abwesenheit von Licht wahr. N\u00e4mlich dann, wenn wir nichts mehr sehen und tastend durch die Dunkelheit irren.<img data-recalc-dims=\"1\" loading=\"lazy\" decoding=\"async\" data-attachment-id=\"3004\" data-permalink=\"https:\/\/www.krajnik.de\/blog\/2015\/04\/19\/fotoprojekt-licht\/600_7857-e_wb\/\" data-orig-file=\"https:\/\/i0.wp.com\/www.krajnik.de\/blog\/wp-content\/uploads\/2015\/04\/600_7857-e_wb.jpg?fit=534%2C800&amp;ssl=1\" data-orig-size=\"534,800\" data-comments-opened=\"1\" data-image-meta=\"{&quot;aperture&quot;:&quot;5.6&quot;,&quot;credit&quot;:&quot;Andre Krajnik&quot;,&quot;camera&quot;:&quot;NIKON D600&quot;,&quot;caption&quot;:&quot;&quot;,&quot;created_timestamp&quot;:&quot;0&quot;,&quot;copyright&quot;:&quot;Andre Krajnik (andre@krajnik.de)&quot;,&quot;focal_length&quot;:&quot;30&quot;,&quot;iso&quot;:&quot;800&quot;,&quot;shutter_speed&quot;:&quot;0.033333333333333&quot;,&quot;title&quot;:&quot;&quot;,&quot;orientation&quot;:&quot;1&quot;}\" data-image-title=\"600_7857-e_wb\" data-image-description=\"\" data-image-caption=\"\" data-large-file=\"https:\/\/i0.wp.com\/www.krajnik.de\/blog\/wp-content\/uploads\/2015\/04\/600_7857-e_wb.jpg?fit=534%2C800&amp;ssl=1\" class=\"aligncenter wp-image-3004\" src=\"https:\/\/i0.wp.com\/www.solaner.eu\/blog\/wp-content\/uploads\/2015\/04\/600_7857-e_wb-200x300.jpg?resize=267%2C400\" alt=\"600_7857-e_wb\" width=\"267\" height=\"400\" srcset=\"https:\/\/i0.wp.com\/www.krajnik.de\/blog\/wp-content\/uploads\/2015\/04\/600_7857-e_wb.jpg?resize=200%2C300&amp;ssl=1 200w, https:\/\/i0.wp.com\/www.krajnik.de\/blog\/wp-content\/uploads\/2015\/04\/600_7857-e_wb.jpg?w=534&amp;ssl=1 534w\" sizes=\"auto, (max-width: 267px) 100vw, 267px\" \/><\/p>\n<p>Manchmal jedoch gibt es Moment, wo das Licht selbst sichtbar wird. Der Laserstrahl, der im Dunkel leitend sein Bahn zieht oder\u00a0ein fahrendes Auto auf einem Foto. Machmal schenkt uns die Natur einen blick auf einzelnen Lichtstehlen, so wie hier in dieser Kirche.<\/p>\n<p>Dieser Post ein Beitrag zu <a href=\"https:\/\/laparoleaetedonneealhomme.wordpress.com\/myriades-etwas-anderes-fotoprojekt\/licht\/\">Myriades Fotoprojekt<\/a>\u00a0mit dem Thema Licht.<\/p>\n","protected":false},"excerpt":{"rendered":"<p>&nbsp; &nbsp; Licht umgibt uns nahezu st\u00e4ndig von allen Seiten. Selten nehmen wir Licht wahr. Es ist so, als w\u00fcrden wir einen Fisch fragen, was Wasser ist. Eher nehmen wir die Abwesenheit von Licht wahr. N\u00e4mlich dann, wenn wir nichts mehr sehen und tastend durch die Dunkelheit irren. Manchmal jedoch gibt es Moment, wo das [&hellip;]<\/p>\n","protected":false},"author":1,"featured_media":0,"comment_status":"open","ping_status":"open","sticky":false,"template":"","format":"standard","meta":{"advanced_seo_description":"","jetpack_seo_html_title":"","jetpack_seo_noindex":false,"ngg_post_thumbnail":0,"jetpack_post_was_ever_published":false,"_jetpack_newsletter_access":"","_jetpack_dont_email_post_to_subs":false,"_jetpack_newsletter_tier_id":0,"_jetpack_memberships_contains_paywalled_content":false,"_jetpack_memberships_contains_paid_content":false,"footnotes":"","jetpack_publicize_message":"","jetpack_publicize_feature_enabled":true,"jetpack_social_post_already_shared":true,"jetpack_social_options":{"image_generator_settings":{"template":"highway","default_image_id":0,"font":"","enabled":false},"version":2}},"categories":[8,310,11],"tags":[311,313],"class_list":["post-3003","post","type-post","status-publish","format-standard","hentry","category-fotografie","category-fotoprojekt","category-kunst","tag-fotoprojekt","tag-licht"],"jetpack_publicize_connections":[],"jetpack_featured_media_url":"","jetpack_sharing_enabled":true,"jetpack_shortlink":"https:\/\/wp.me\/p7tTbX-Mr","jetpack_likes_enabled":true,"jetpack-related-posts":[],"_links":{"self":[{"href":"https:\/\/www.krajnik.de\/blog\/wp-json\/wp\/v2\/posts\/3003","targetHints":{"allow":["GET"]}}],"collection":[{"href":"https:\/\/www.krajnik.de\/blog\/wp-json\/wp\/v2\/posts"}],"about":[{"href":"https:\/\/www.krajnik.de\/blog\/wp-json\/wp\/v2\/types\/post"}],"author":[{"embeddable":true,"href":"https:\/\/www.krajnik.de\/blog\/wp-json\/wp\/v2\/users\/1"}],"replies":[{"embeddable":true,"href":"https:\/\/www.krajnik.de\/blog\/wp-json\/wp\/v2\/comments?post=3003"}],"version-history":[{"count":1,"href":"https:\/\/www.krajnik.de\/blog\/wp-json\/wp\/v2\/posts\/3003\/revisions"}],"predecessor-version":[{"id":3005,"href":"https:\/\/www.krajnik.de\/blog\/wp-json\/wp\/v2\/posts\/3003\/revisions\/3005"}],"wp:attachment":[{"href":"https:\/\/www.krajnik.de\/blog\/wp-json\/wp\/v2\/media?parent=3003"}],"wp:term":[{"taxonomy":"category","embeddable":true,"href":"https:\/\/www.krajnik.de\/blog\/wp-json\/wp\/v2\/categories?post=3003"},{"taxonomy":"post_tag","embeddable":true,"href":"https:\/\/www.krajnik.de\/blog\/wp-json\/wp\/v2\/tags?post=3003"}],"curies":[{"name":"wp","href":"https:\/\/api.w.org\/{rel}","templated":true}]}}