{"id":3235,"date":"2016-04-10T14:30:48","date_gmt":"2016-04-10T12:30:48","guid":{"rendered":"http:\/\/www.solaner.eu\/blog\/?p=3235"},"modified":"2017-12-30T18:14:50","modified_gmt":"2017-12-30T17:14:50","slug":"date-becker-navi-nach-gut-2-jahren","status":"publish","type":"post","link":"https:\/\/www.krajnik.de\/blog\/2016\/04\/10\/date-becker-navi-nach-gut-2-jahren\/","title":{"rendered":"Das Becker Navi nach gut 2 Jahren"},"content":{"rendered":"<p>Ich hatte mir ja vorgenommen, nicht weiter \u00fcber das <a href=\"http:\/\/www.solaner.eu\/blog\/tag\/becker-ready-50\/\" target=\"_blank\">Becker Navigations-Ger\u00e4t<\/a> zu schreiben, aber die Erfahrungen der letzten Zeit lassen mir leider keine Alternative.<br \/>\nIm Herbst letzten Jahres hat es mir zum ersten Mal den Dienst verweigert, da es sich nicht mehr aufladen lassen wollte. Ganz bl\u00f6d! Zum Gl\u00fcck ist da nicht auf einer meiner Touren oder gar im Ausland passiert. Es hat zwar einen Akku, aber der h\u00e4lt leider nicht einmal eine Stunde, wenn es nicht am Strom h\u00e4ngt. Recherchen im Internet, wo ich denn eine neues KFZ-Ladekabel her bekomme, brachten mir zu Hauf Berichte \u00fcber exakt dasselbe Problem. Die USB-Buchse, die ja auch zum Laden benutzt wird, ist auf der Unterseite des Ger\u00e4ts angebracht. Das Kabel selbst hat zwar einen abgeknickten Stecker, aber um ihn im Ger\u00e4t anzuschlie\u00dfen muss das Kabel in einer ungesunden Knickung gef\u00fchrt werden. Ganz schlecht! Daher ist der Kabelbruch leicht erkl\u00e4rbar. Von einer Nachbestellung des Original-Kabels habe ich somit abgesehen! Nicht zu empfehlen!<br \/>\nDas Ersatzkabel, dass ich mir bestellt habe, hat keinen abgeknickten Stecker und h\u00e4ngt somit gerade aus dem Navi heraus. Kein Knick, kein Kabelbruch &#8211; Alles gut, so dachte ich. Selbst der Empfang der Verkehrsdaten funktioniert einwandfrei.<br \/>\nNun, nach etwa weiteren 5 Monaten f\u00e4llt der Stecker jedoch st\u00e4ndig aus dem Ger\u00e4t heraus. Ein Navigieren ist unter solchen Bedingungen nat\u00fcrlich nahezu unm\u00f6glich. Also muss ich das Ger\u00e4t man n\u00e4her untersuchen. Zum Gl\u00fcck ist es geschraubt und nicht verklebt oder vergossen!<br \/>\nAber, es handelt sich um Torx-Schrauben. Wer hat daf\u00fcr denn die passenden Schraubendreher? Ich! Aus einem Handy-Reparatur-Set. Schrauben entfernt, Ger\u00e4t ge\u00f6ffnet und gestaunt, wie wenig an Elektronik drin steckt. Nicht einmal die H\u00e4lfte des Innenraums wird von der kleinen Platine ausgef\u00fcllt. Aber, in der Platine ist die USB-Buchse direkt integriert. Ergo: nicht wechselbar. Allerdings reichte es aus, die Metallummantelung der Buchse wieder zur richten und zusammen zu dr\u00fccken, dass der Stecker wieder h\u00e4lt.<br \/>\nHier hat man augenscheinlich Materialien verarbeitet, die nicht daf\u00fcr ausgelegt sind, dass das Navigationsger\u00e4t h\u00e4ufig mit dem Strom verbunden wird. Aber sorry, daf\u00fcr kauft man doch ein mobiles Navi!!! T\u00e4gliche Fahrten mit mindesten 2 &#8211; 3 Steckungen sind doch nicht zu viel verlangt? Oder etwa doch? Das Erscheint mir fast wie ein Regenschirm, der nur bei Sonnenschein genutzt werden darf.<br \/>\nIch bin mal gespannt, was als n\u00e4chstes passiert!<br \/>\nWenn man mich heute fragt, ob ich es wieder kaufen w\u00fcrde, so w\u00e4re ich sehr vorsichtig und w\u00fcrde mich nach einem anderen Ger\u00e4t umsehen. Evt. auch gar keines mehr kaufen, sondern stattdessen mein Handy nutzen. Daf\u00fcr habe ich mir inzwischen auch eine Autohalterung gekauft, um f\u00fcr den Notfall gewappnet zu sein. Gute Navi-Software f\u00fcr&#8217;s Handy ist mir allerdings noch nicht untergekommen. Zudem sind die Stimmen meiner Meinung nach zu leise um gegen die Fahrger\u00e4usche anzukommen. Des Weiteren ben\u00f6tigen sie eine aktive Internet-Verbindung, um Karten oder Verkehrshinweise nachzuladen. Eher Suboptimal im Ausland. Warten wir ab, wie es in Europa mit den Roaming-Geb\u00fchren weitergeht, und dann bleibt noch das Nicht-EU-Ausland.<\/p>\n<p>Nachtrag: Mein &#8222;Reparatur&#8220;-Versuch hat nicht lange gehalten \ud83d\ude41 Nach insgesamt 4 Steckungen h\u00e4lt der Stecker wieder nicht mehr. Also noch einmal reaprieren und dann mal den Stecker mit Hei\u00dfkleber am Navi fixieren. Hoffendlich h\u00e4lt es dann. Sonst hei\u00dft es: erneut auf die Suche nach einem neuen Navi gehen \ud83d\ude41<\/p>\n<p>Update 02.05.2016: es ist \u00fcbrigens wieder ein Becker geworden: Becker active.5 LMU plus<\/p>\n","protected":false},"excerpt":{"rendered":"<p>Ich hatte mir ja vorgenommen, nicht weiter \u00fcber das Becker Navigations-Ger\u00e4t zu schreiben, aber die Erfahrungen der letzten Zeit lassen mir leider keine Alternative. Im Herbst letzten Jahres hat es mir zum ersten Mal den Dienst verweigert, da es sich nicht mehr aufladen lassen wollte. Ganz bl\u00f6d! Zum Gl\u00fcck ist da nicht auf einer meiner [&hellip;]<\/p>\n","protected":false},"author":1,"featured_media":0,"comment_status":"open","ping_status":"open","sticky":false,"template":"","format":"standard","meta":{"advanced_seo_description":"","jetpack_seo_html_title":"","jetpack_seo_noindex":false,"ngg_post_thumbnail":0,"jetpack_post_was_ever_published":false,"_jetpack_newsletter_access":"","_jetpack_dont_email_post_to_subs":false,"_jetpack_newsletter_tier_id":0,"_jetpack_memberships_contains_paywalled_content":false,"_jetpack_memberships_contains_paid_content":false,"footnotes":"","jetpack_publicize_message":"","jetpack_publicize_feature_enabled":true,"jetpack_social_post_already_shared":true,"jetpack_social_options":{"image_generator_settings":{"template":"highway","default_image_id":0,"font":"","enabled":false},"version":2}},"categories":[160,16,161],"tags":[242,292,239,243],"class_list":["post-3235","post","type-post","status-publish","format-standard","hentry","category-erfahrungsbericht-2","category-reisen","category-rezension","tag-becker","tag-becker-ready-50","tag-navi","tag-navigation"],"jetpack_publicize_connections":[],"jetpack_featured_media_url":"","jetpack_sharing_enabled":true,"jetpack_shortlink":"https:\/\/wp.me\/p7tTbX-Qb","jetpack_likes_enabled":true,"jetpack-related-posts":[],"_links":{"self":[{"href":"https:\/\/www.krajnik.de\/blog\/wp-json\/wp\/v2\/posts\/3235","targetHints":{"allow":["GET"]}}],"collection":[{"href":"https:\/\/www.krajnik.de\/blog\/wp-json\/wp\/v2\/posts"}],"about":[{"href":"https:\/\/www.krajnik.de\/blog\/wp-json\/wp\/v2\/types\/post"}],"author":[{"embeddable":true,"href":"https:\/\/www.krajnik.de\/blog\/wp-json\/wp\/v2\/users\/1"}],"replies":[{"embeddable":true,"href":"https:\/\/www.krajnik.de\/blog\/wp-json\/wp\/v2\/comments?post=3235"}],"version-history":[{"count":9,"href":"https:\/\/www.krajnik.de\/blog\/wp-json\/wp\/v2\/posts\/3235\/revisions"}],"predecessor-version":[{"id":3506,"href":"https:\/\/www.krajnik.de\/blog\/wp-json\/wp\/v2\/posts\/3235\/revisions\/3506"}],"wp:attachment":[{"href":"https:\/\/www.krajnik.de\/blog\/wp-json\/wp\/v2\/media?parent=3235"}],"wp:term":[{"taxonomy":"category","embeddable":true,"href":"https:\/\/www.krajnik.de\/blog\/wp-json\/wp\/v2\/categories?post=3235"},{"taxonomy":"post_tag","embeddable":true,"href":"https:\/\/www.krajnik.de\/blog\/wp-json\/wp\/v2\/tags?post=3235"}],"curies":[{"name":"wp","href":"https:\/\/api.w.org\/{rel}","templated":true}]}}