{"id":79015,"date":"2018-12-28T10:00:42","date_gmt":"2018-12-28T09:00:42","guid":{"rendered":"http:\/\/www.krajnik.de\/blog\/?p=79015"},"modified":"2024-02-04T10:00:14","modified_gmt":"2024-02-04T09:00:14","slug":"produkttest-saal-digital-fotobuch","status":"publish","type":"post","link":"https:\/\/www.krajnik.de\/blog\/2018\/12\/28\/produkttest-saal-digital-fotobuch\/","title":{"rendered":"Produkttest Saal-Digital Fotobuch  (Werbung)"},"content":{"rendered":"<p>Ich durfte ein Produkt aus dem Hause Saal-Digital testen: Fotobuch erstellen und 40\u20ac als Zuschuss erhalten.<br \/>\nDas habe ich f\u00fcr ein Fotobuch im Format 28 x 19 cm mit 46 Innenseiten aus gl\u00e4nzendem Fotopapier \u00fcber unseren Sommerurlaub auf der Insel Usedom genutzt. Somit blieb f\u00fcr mich ein Restbetrag von knapp 15\u20ac \u00fcber.<\/p>\n<p>Zun\u00e4chst geht es daran die Fotos auszuw\u00e4hlen. Ich habe alle gew\u00e4hlten Bilder in einem Ordner auf der Festplatte abgelegt und im Projekt den Order ausgew\u00e4hlt. So kann man w\u00e4hrend der Bucherstellung immer sch\u00f6n sehen, welche Bilder bereits verwandt wurden, und welche nicht.<\/p>\n<p>Aber in der Software gibt es keine Blanco-Layouts f\u00fcr die Verteilung der Bilder auf der Seite. Es gibt nur so<br \/>\nbl\u00f6de vorgestalteten Seiten mit bl\u00f6dsinnigen Stickern oder sonstigen sogenannten &#8222;Schmuckelementen&#8220;. Zudem gibt es keine vern\u00fcnftige Ausrichtung der Bilder auf der Seite (horizontale + vertikale Verteilung => funktioniert nicht<br \/>\nrichtig). Auch die Abst\u00e4nde zwischen Bildern sind nicht exakt setzbar. Vom Gestalterischen her ist die Software stark verbesserungsw\u00fcrdig.<\/p>\n<p>Ein weiteres Manko ist der PDF-Export. Die Qualit\u00e4t ist sehr schlecht und \u00fcberdies wird ein riesiges Wasserzeichen \u00fcber die Bilder gedruckt. Somit habe ich im Anschluss das Fotobuch nochmal gesetzt, diesmal mit einer DTP-Software. Mit dem PDF-Export aus der Saal-Digital Design-Software kann man rein gar nichts anfangen.<\/p>\n<p>Diese beiden Mankos zusammengerechnet h\u00e4tte ich mir gew\u00fcnscht, es g\u00e4be einen direkten PDF-Upload f\u00fcr die Innenseiten, so dass nur der Umschlag (Cover, R\u00fcckseite und Buchr\u00fccken) online zu gestalten w\u00e4re. Das h\u00e4tte mir einiges Stunden Arbeit und Frust erspart.<\/p>\n<p>Der Upload der Fotos ging erstaunlich schell. Auch die Produktionszeit war hervorragend &#8211; und das in der Vor-Weihnachtszeit.<\/p>\n<p>Die Buchseiten selbst haben eine sehr gute Wiedergabe-Qualit\u00e4t. Aber dass das erste Bild direkt auf die R\u00fcckseite des Buchdeckels und das letzte Bild auf die Innenseite des Hinterdeckels gedruckt wird, qualifiziert das Buch erheblich ab. Es gibt somit weder Buchspiegel noch Buchdecke. Das wirkt unprofessionell und billig (im schlechtesten Sinne).<\/p>\n<p>Als Fotograf erstelle ich im Laufe des Jahres einige B\u00fccher zu bestimmten Themen mit hochwertigen Fotos. Dieses Produkt ist in jedem Fall nicht geeignet, die Bilder ad\u00e4quat zu pr\u00e4sentieren. Sehr schade.<\/p>\n<p>Dieser Post ist zum Teil vorbereitete, da DHL das Paket verbummelt hatte. Die Lieferung h\u00e4tte am 04.12.2018 erfolgen sollen und wurde mit der Paketnummer am 06.12.2018 bei DHL reklamiert, als andere Lieferungen hier erfolgreich zugestellt wurden, das Fotobuch aber nicht mit dabei war. Geliefert hat DHL bis heute nicht und die Sendung ist in der Sendungsverfolgung noch immer als &#8222;Status am Di, 04.12.2018 09:58 Uhr: Die Sendung wurde in das Zustellfahrzeug geladen&#8220; gekennzeichnet. Auch ist f\u00fcr mich sichtbar nichts passiert, ausser das in der Folgewoche ein DHL-Zusteller sich hier an der T\u00fcr erkundigt hat, ob das Paket tats\u00e4chlich nicht angekommen w\u00e4re.<br \/>\nInzwischen ist das Paket aufgetaucht. Das Paket wurde im Hausflur eines anderen Hauses 8 H\u00e4user von hier verloren und nun endlich von einem der dortigen Bewohner hier zugestellt. Dieser Fakt floss aber nicht in diese Bewertung ein.<\/p>\n<p>Weitere Fotobuch-Tests auch von anderen Anbietern k\u00f6nnen \u00fcber die <a href=\"https:\/\/www.krajnik.de\/blog\/2020\/04\/28\/ein-paar-gedanken-zu-fotobuechern-bzw-verschiedenen-herstellern\/\" rel=\"noopener\" target=\"_blank\">Zusammenfassungsseite<\/a> gefunden werden.<\/p>\n<p><a href=\"https:\/\/i0.wp.com\/www.krajnik.de\/blog\/wp-content\/uploads\/2018\/12\/IMG_6851.jpeg\"><img data-recalc-dims=\"1\" loading=\"lazy\" decoding=\"async\" data-attachment-id=\"79019\" data-permalink=\"https:\/\/www.krajnik.de\/blog\/2018\/12\/28\/produkttest-saal-digital-fotobuch\/img_6851\/\" data-orig-file=\"https:\/\/i0.wp.com\/www.krajnik.de\/blog\/wp-content\/uploads\/2018\/12\/IMG_6851.jpeg?fit=3024%2C4032&amp;ssl=1\" data-orig-size=\"3024,4032\" data-comments-opened=\"1\" data-image-meta=\"{&quot;aperture&quot;:&quot;1.8&quot;,&quot;credit&quot;:&quot;&quot;,&quot;camera&quot;:&quot;iPhone 8&quot;,&quot;caption&quot;:&quot;&quot;,&quot;created_timestamp&quot;:&quot;1545413721&quot;,&quot;copyright&quot;:&quot;&quot;,&quot;focal_length&quot;:&quot;3.99&quot;,&quot;iso&quot;:&quot;125&quot;,&quot;shutter_speed&quot;:&quot;0.25&quot;,&quot;title&quot;:&quot;&quot;,&quot;orientation&quot;:&quot;1&quot;}\" data-image-title=\"IMG_6851\" data-image-description=\"\" data-image-caption=\"\" data-large-file=\"https:\/\/i0.wp.com\/www.krajnik.de\/blog\/wp-content\/uploads\/2018\/12\/IMG_6851.jpeg?fit=625%2C833&amp;ssl=1\" src=\"https:\/\/i0.wp.com\/www.krajnik.de\/blog\/wp-content\/uploads\/2018\/12\/IMG_6851-225x300.jpeg?resize=225%2C300\" alt=\"\" width=\"225\" height=\"300\" class=\"alignright size-medium wp-image-79019\" srcset=\"https:\/\/i0.wp.com\/www.krajnik.de\/blog\/wp-content\/uploads\/2018\/12\/IMG_6851.jpeg?resize=225%2C300&amp;ssl=1 225w, https:\/\/i0.wp.com\/www.krajnik.de\/blog\/wp-content\/uploads\/2018\/12\/IMG_6851.jpeg?resize=768%2C1024&amp;ssl=1 768w, https:\/\/i0.wp.com\/www.krajnik.de\/blog\/wp-content\/uploads\/2018\/12\/IMG_6851.jpeg?w=1250&amp;ssl=1 1250w, https:\/\/i0.wp.com\/www.krajnik.de\/blog\/wp-content\/uploads\/2018\/12\/IMG_6851.jpeg?w=1875&amp;ssl=1 1875w\" sizes=\"auto, (max-width: 225px) 100vw, 225px\" \/><\/a><\/p>\n<p><a href=\"https:\/\/i0.wp.com\/www.krajnik.de\/blog\/wp-content\/uploads\/2018\/12\/IMG_6852.jpeg\"><img data-recalc-dims=\"1\" loading=\"lazy\" decoding=\"async\" data-attachment-id=\"79020\" data-permalink=\"https:\/\/www.krajnik.de\/blog\/2018\/12\/28\/produkttest-saal-digital-fotobuch\/img_6852\/\" data-orig-file=\"https:\/\/i0.wp.com\/www.krajnik.de\/blog\/wp-content\/uploads\/2018\/12\/IMG_6852.jpeg?fit=3024%2C4032&amp;ssl=1\" data-orig-size=\"3024,4032\" data-comments-opened=\"1\" data-image-meta=\"{&quot;aperture&quot;:&quot;1.8&quot;,&quot;credit&quot;:&quot;&quot;,&quot;camera&quot;:&quot;iPhone 8&quot;,&quot;caption&quot;:&quot;&quot;,&quot;created_timestamp&quot;:&quot;1545413747&quot;,&quot;copyright&quot;:&quot;&quot;,&quot;focal_length&quot;:&quot;3.99&quot;,&quot;iso&quot;:&quot;100&quot;,&quot;shutter_speed&quot;:&quot;0.11111111111111&quot;,&quot;title&quot;:&quot;&quot;,&quot;orientation&quot;:&quot;1&quot;}\" data-image-title=\"IMG_6852\" data-image-description=\"\" data-image-caption=\"\" data-large-file=\"https:\/\/i0.wp.com\/www.krajnik.de\/blog\/wp-content\/uploads\/2018\/12\/IMG_6852.jpeg?fit=625%2C833&amp;ssl=1\" src=\"https:\/\/i0.wp.com\/www.krajnik.de\/blog\/wp-content\/uploads\/2018\/12\/IMG_6852-225x300.jpeg?resize=225%2C300\" alt=\"\" width=\"225\" height=\"300\" class=\"alignright size-medium wp-image-79020\" srcset=\"https:\/\/i0.wp.com\/www.krajnik.de\/blog\/wp-content\/uploads\/2018\/12\/IMG_6852.jpeg?resize=225%2C300&amp;ssl=1 225w, https:\/\/i0.wp.com\/www.krajnik.de\/blog\/wp-content\/uploads\/2018\/12\/IMG_6852.jpeg?resize=768%2C1024&amp;ssl=1 768w, https:\/\/i0.wp.com\/www.krajnik.de\/blog\/wp-content\/uploads\/2018\/12\/IMG_6852.jpeg?w=1250&amp;ssl=1 1250w, https:\/\/i0.wp.com\/www.krajnik.de\/blog\/wp-content\/uploads\/2018\/12\/IMG_6852.jpeg?w=1875&amp;ssl=1 1875w\" sizes=\"auto, (max-width: 225px) 100vw, 225px\" \/><\/a><\/p>\n","protected":false},"excerpt":{"rendered":"<p>Ich durfte ein Produkt aus dem Hause Saal-Digital testen: Fotobuch erstellen und 40\u20ac als Zuschuss erhalten. Das habe ich f\u00fcr ein Fotobuch im Format 28 x 19 cm mit 46 Innenseiten aus gl\u00e4nzendem Fotopapier \u00fcber unseren Sommerurlaub auf der Insel Usedom genutzt. Somit blieb f\u00fcr mich ein Restbetrag von knapp 15\u20ac \u00fcber. Zun\u00e4chst geht es [&hellip;]<\/p>\n","protected":false},"author":1,"featured_media":0,"comment_status":"open","ping_status":"open","sticky":false,"template":"","format":"standard","meta":{"advanced_seo_description":"","jetpack_seo_html_title":"","jetpack_seo_noindex":false,"ngg_post_thumbnail":0,"jetpack_post_was_ever_published":false,"_jetpack_newsletter_access":"","_jetpack_dont_email_post_to_subs":false,"_jetpack_newsletter_tier_id":0,"_jetpack_memberships_contains_paywalled_content":false,"_jetpack_memberships_contains_paid_content":false,"footnotes":"","jetpack_publicize_message":"","jetpack_publicize_feature_enabled":true,"jetpack_social_post_already_shared":true,"jetpack_social_options":{"image_generator_settings":{"template":"highway","default_image_id":0,"font":"","enabled":false},"version":2}},"categories":[160,8,11,161],"tags":[159,105,330,370,293,413],"class_list":["post-79015","post","type-post","status-publish","format-standard","hentry","category-erfahrungsbericht-2","category-fotografie","category-kunst","category-rezension","tag-erfahrungsbericht","tag-foto","tag-fotografie","tag-review","tag-rezension-2","tag-saal"],"jetpack_publicize_connections":[],"jetpack_featured_media_url":"","jetpack_sharing_enabled":true,"jetpack_shortlink":"https:\/\/wp.me\/p7tTbX-kyr","jetpack_likes_enabled":true,"jetpack-related-posts":[],"_links":{"self":[{"href":"https:\/\/www.krajnik.de\/blog\/wp-json\/wp\/v2\/posts\/79015","targetHints":{"allow":["GET"]}}],"collection":[{"href":"https:\/\/www.krajnik.de\/blog\/wp-json\/wp\/v2\/posts"}],"about":[{"href":"https:\/\/www.krajnik.de\/blog\/wp-json\/wp\/v2\/types\/post"}],"author":[{"embeddable":true,"href":"https:\/\/www.krajnik.de\/blog\/wp-json\/wp\/v2\/users\/1"}],"replies":[{"embeddable":true,"href":"https:\/\/www.krajnik.de\/blog\/wp-json\/wp\/v2\/comments?post=79015"}],"version-history":[{"count":14,"href":"https:\/\/www.krajnik.de\/blog\/wp-json\/wp\/v2\/posts\/79015\/revisions"}],"predecessor-version":[{"id":80533,"href":"https:\/\/www.krajnik.de\/blog\/wp-json\/wp\/v2\/posts\/79015\/revisions\/80533"}],"wp:attachment":[{"href":"https:\/\/www.krajnik.de\/blog\/wp-json\/wp\/v2\/media?parent=79015"}],"wp:term":[{"taxonomy":"category","embeddable":true,"href":"https:\/\/www.krajnik.de\/blog\/wp-json\/wp\/v2\/categories?post=79015"},{"taxonomy":"post_tag","embeddable":true,"href":"https:\/\/www.krajnik.de\/blog\/wp-json\/wp\/v2\/tags?post=79015"}],"curies":[{"name":"wp","href":"https:\/\/api.w.org\/{rel}","templated":true}]}}