{"id":80756,"date":"2025-12-08T16:00:10","date_gmt":"2025-12-08T15:00:10","guid":{"rendered":"https:\/\/www.krajnik.de\/blog\/?p=80756"},"modified":"2025-12-08T16:22:32","modified_gmt":"2025-12-08T15:22:32","slug":"kalender-2026-entlang-der-kuesten","status":"publish","type":"post","link":"https:\/\/www.krajnik.de\/blog\/2025\/12\/08\/kalender-2026-entlang-der-kuesten\/","title":{"rendered":"Kalender 2026 &#8211; Entlang der K\u00fcsten"},"content":{"rendered":"<p>Der Fotokalender 2026 ist nun lieferbar. Er ist wieder toll geworden. 12 gro\u00dfformatige Fotos nahe der K\u00fcste an unterschiedlichen Meeren in verschiedenen L\u00e4ndern.<\/p>\n<p><a href=\"https:\/\/i0.wp.com\/www.krajnik.de\/blog\/wp-content\/uploads\/2025\/12\/2026-k.jpg?ssl=1\"><img data-recalc-dims=\"1\" loading=\"lazy\" decoding=\"async\" data-attachment-id=\"80757\" data-permalink=\"https:\/\/www.krajnik.de\/blog\/2025\/12\/08\/kalender-2026-entlang-der-kuesten\/2026-k\/\" data-orig-file=\"https:\/\/i0.wp.com\/www.krajnik.de\/blog\/wp-content\/uploads\/2025\/12\/2026-k.jpg?fit=1200%2C848&amp;ssl=1\" data-orig-size=\"1200,848\" data-comments-opened=\"1\" data-image-meta=\"{&quot;aperture&quot;:&quot;0&quot;,&quot;credit&quot;:&quot;&quot;,&quot;camera&quot;:&quot;&quot;,&quot;caption&quot;:&quot;&quot;,&quot;created_timestamp&quot;:&quot;0&quot;,&quot;copyright&quot;:&quot;&quot;,&quot;focal_length&quot;:&quot;0&quot;,&quot;iso&quot;:&quot;0&quot;,&quot;shutter_speed&quot;:&quot;0&quot;,&quot;title&quot;:&quot;&quot;,&quot;orientation&quot;:&quot;0&quot;}\" data-image-title=\"\" data-image-description=\"\" data-image-caption=\"\" data-large-file=\"https:\/\/i0.wp.com\/www.krajnik.de\/blog\/wp-content\/uploads\/2025\/12\/2026-k.jpg?fit=625%2C442&amp;ssl=1\" src=\"https:\/\/i0.wp.com\/www.krajnik.de\/blog\/wp-content\/uploads\/2025\/12\/2026-k.jpg?resize=625%2C442&#038;ssl=1\" alt=\"\" width=\"625\" height=\"442\" class=\"aligncenter size-large wp-image-80757\" srcset=\"https:\/\/i0.wp.com\/www.krajnik.de\/blog\/wp-content\/uploads\/2025\/12\/2026-k.jpg?resize=1024%2C724&amp;ssl=1 1024w, https:\/\/i0.wp.com\/www.krajnik.de\/blog\/wp-content\/uploads\/2025\/12\/2026-k.jpg?resize=300%2C212&amp;ssl=1 300w, https:\/\/i0.wp.com\/www.krajnik.de\/blog\/wp-content\/uploads\/2025\/12\/2026-k.jpg?resize=768%2C543&amp;ssl=1 768w, https:\/\/i0.wp.com\/www.krajnik.de\/blog\/wp-content\/uploads\/2025\/12\/2026-k.jpg?resize=624%2C441&amp;ssl=1 624w, https:\/\/i0.wp.com\/www.krajnik.de\/blog\/wp-content\/uploads\/2025\/12\/2026-k.jpg?w=1200&amp;ssl=1 1200w\" sizes=\"auto, (max-width: 625px) 100vw, 625px\" \/><\/a><\/p>\n<p>Noch sind ein paar Exemplare zu haben.<\/p>\n","protected":false},"excerpt":{"rendered":"<p>Der Fotokalender 2026 ist nun lieferbar. Er ist wieder toll geworden. 12 gro\u00dfformatige Fotos nahe der K\u00fcste an unterschiedlichen Meeren in verschiedenen L\u00e4ndern. Noch sind ein paar Exemplare zu haben.<\/p>\n","protected":false},"author":1,"featured_media":0,"comment_status":"open","ping_status":"open","sticky":false,"template":"","format":"standard","meta":{"advanced_seo_description":"","jetpack_seo_html_title":"","jetpack_seo_noindex":false,"ngg_post_thumbnail":0,"jetpack_post_was_ever_published":false,"_jetpack_newsletter_access":"","_jetpack_dont_email_post_to_subs":false,"_jetpack_newsletter_tier_id":0,"_jetpack_memberships_contains_paywalled_content":false,"_jetpack_memberships_contains_paid_content":false,"footnotes":"","jetpack_publicize_message":"","jetpack_publicize_feature_enabled":true,"jetpack_social_post_already_shared":true,"jetpack_social_options":{"image_generator_settings":{"template":"highway","default_image_id":0,"font":"","enabled":false},"version":2}},"categories":[8,310,7,13,340,16],"tags":[460,408,225,232],"class_list":["post-80756","post","type-post","status-publish","format-standard","hentry","category-fotografie","category-fotoprojekt","category-kultur","category-landschaft","category-natur","category-reisen","tag-460","tag-fotokalender","tag-kalender","tag-wandkalender"],"jetpack_publicize_connections":[],"jetpack_featured_media_url":"","jetpack_sharing_enabled":true,"jetpack_shortlink":"https:\/\/wp.me\/p7tTbX-l0w","jetpack_likes_enabled":true,"jetpack-related-posts":[],"_links":{"self":[{"href":"https:\/\/www.krajnik.de\/blog\/wp-json\/wp\/v2\/posts\/80756","targetHints":{"allow":["GET"]}}],"collection":[{"href":"https:\/\/www.krajnik.de\/blog\/wp-json\/wp\/v2\/posts"}],"about":[{"href":"https:\/\/www.krajnik.de\/blog\/wp-json\/wp\/v2\/types\/post"}],"author":[{"embeddable":true,"href":"https:\/\/www.krajnik.de\/blog\/wp-json\/wp\/v2\/users\/1"}],"replies":[{"embeddable":true,"href":"https:\/\/www.krajnik.de\/blog\/wp-json\/wp\/v2\/comments?post=80756"}],"version-history":[{"count":1,"href":"https:\/\/www.krajnik.de\/blog\/wp-json\/wp\/v2\/posts\/80756\/revisions"}],"predecessor-version":[{"id":80758,"href":"https:\/\/www.krajnik.de\/blog\/wp-json\/wp\/v2\/posts\/80756\/revisions\/80758"}],"wp:attachment":[{"href":"https:\/\/www.krajnik.de\/blog\/wp-json\/wp\/v2\/media?parent=80756"}],"wp:term":[{"taxonomy":"category","embeddable":true,"href":"https:\/\/www.krajnik.de\/blog\/wp-json\/wp\/v2\/categories?post=80756"},{"taxonomy":"post_tag","embeddable":true,"href":"https:\/\/www.krajnik.de\/blog\/wp-json\/wp\/v2\/tags?post=80756"}],"curies":[{"name":"wp","href":"https:\/\/api.w.org\/{rel}","templated":true}]}}